{"id":5740,"date":"2022-02-28T08:52:51","date_gmt":"2022-02-28T07:52:51","guid":{"rendered":"https:\/\/mairie-curienne.fr\/?p=5740"},"modified":"2022-02-28T08:53:17","modified_gmt":"2022-02-28T07:53:17","slug":"sentier-planetaire","status":"publish","type":"post","link":"https:\/\/mairie-curienne.fr\/index.php\/2022\/02\/28\/sentier-planetaire\/","title":{"rendered":"Sentier plan\u00e9taire"},"content":{"rendered":"\t\t<div data-elementor-type=\"wp-post\" data-elementor-id=\"5740\" class=\"elementor elementor-5740\">\n\t\t\t\t\t\t<div class=\"elementor-inner\">\n\t\t\t\t<div class=\"elementor-section-wrap\">\n\t\t\t\t\t\t\t\t\t<section class=\"elementor-section elementor-top-section elementor-element elementor-element-56a1915 elementor-section-boxed elementor-section-height-default elementor-section-height-default\" data-id=\"56a1915\" data-element_type=\"section\">\n\t\t\t\t\t\t<div class=\"elementor-container elementor-column-gap-default\">\n\t\t\t\t\t\t\t<div class=\"elementor-row\">\n\t\t\t\t\t<div class=\"elementor-column elementor-col-100 elementor-top-column elementor-element elementor-element-198a60d\" data-id=\"198a60d\" data-element_type=\"column\">\n\t\t\t<div class=\"elementor-column-wrap elementor-element-populated\">\n\t\t\t\t\t\t\t<div class=\"elementor-widget-wrap\">\n\t\t\t\t\t\t<div class=\"elementor-element elementor-element-82797f9 elementor-widget elementor-widget-text-editor\" data-id=\"82797f9\" data-element_type=\"widget\" data-widget_type=\"text-editor.default\">\n\t\t\t\t<div class=\"elementor-widget-container\">\n\t\t\t\t\t\t\t\t<div class=\"elementor-text-editor elementor-clearfix\">\n\t\t\t\t<div>D\u00e9couvrez les merveilles du ciel \u00e9toil\u00e9e depuis Curienne gr\u00e2ce aux Points C\u00e9lestes !<\/div><div>\u00a0<\/div><div><b>Le plan\u00e9tarium<\/b><\/div><div>Comment retrouver l&rsquo;\u00e9toile polaire ? O\u00f9 est l&rsquo;\u00e9toile du berger ? qui a invent\u00e9 les constellations ? Axelle, habitante de Curienne, vous propose de r\u00e9pondre \u00e0 ces questions gr\u00e2ce \u00e0 un petit plan\u00e9tarium qui vous d\u00e9voilera les grandeurs de l&rsquo;univers. Dans cette \u00ab\u00a0hutte spatiale\u00a0\u00bb, on peut projeter le ciel \u00e9toil\u00e9 et voyager \u00e0 travers le syst\u00e8me solaire, les n\u00e9buleuses et les galaxies lointaines. Le plan\u00e9tarium dispose \u00e9galement d&rsquo;une collection de films scientifiques pour les grands et les petits !<\/div><div>\u00a0<\/div><div><b>Les observations au t\u00e9lescope<\/b><\/div><div>La th\u00e9orie, c&rsquo;est bien mais vous r\u00eavez maintenant de regarder dans un t\u00e9lescope pour voir les splendeurs de notre univers !<\/div><div>C&rsquo;est possible ! Vous adorerez la finesse des anneaux de Saturne, les filaments t\u00e9nus d&rsquo;une galaxie ou les somptueux crat\u00e8res lunaires !<\/div><div>En plus, nous sommes favoris\u00e9e \u00e0 Curienne avec l&rsquo;extinction de l&rsquo;\u00e9clairage public d\u00e8s 21h !<\/div><div>\u00a0<\/div><div><b>Les ateliers de construction de fus\u00e9es \u00e0 poudre<\/b><\/div><div>R\u00e9guli\u00e8rement, Les Points C\u00e9lestes organisent des ateliers pour construire des cartes du ciel, des cadrans solaires ou encore&#8230;des fus\u00e9es \u00e0 poudre !<\/div><div>N&rsquo;h\u00e9sitez pas \u00e0 visiter le site pour conna\u00eetre les dates des prochaines animations !<\/div><div><a id=\"m_-7970986670921349255LPlnk10575\" href=\"http:\/\/www.lespointscelestes.com\/\" target=\"_blank\" rel=\"noopener\" data-saferedirecturl=\"https:\/\/www.google.com\/url?q=http:\/\/www.lespointscelestes.com&amp;source=gmail&amp;ust=1646118396809000&amp;usg=AOvVaw0Ks52P0VwMhJvA05nIDkOs\">www.lespointscelestes.com<\/a><\/div><div>\u00a0<\/div><div><b>Le sentier plan\u00e9taire<\/b><\/div><div>Prochainement un sentier plan\u00e9taire sera install\u00e9 sur la commune. Ce sentier repr\u00e9sente notre syst\u00e8me solaire \u00e0 une plus petite \u00e9chelle en respectant les rapports de taille et de distances. Vous serez surpris de constater la taille de notre plan\u00e8te et les dimensions extravagantes de l&rsquo;univers ! Vertige assur\u00e9&#8230;<\/div><div>\u00a0<\/div><div>@ bient\u00f4t sous la vo\u00fbte c\u00e9leste !<\/div><div style=\"text-align: right;\">\u00a0<\/div><div style=\"text-align: right;\">Les Points C\u00e9lestes<\/div><div style=\"text-align: right;\"><strong>Axelle Verniolle<\/strong><\/div><div style=\"text-align: right;\">06.24.54.06.37<\/div><div style=\"text-align: right;\"><a href=\"mailto:lespointscelestes@gmail.com\" target=\"_blank\" rel=\"noopener\">lespointscelestes@gmail.com<\/a><\/div><div style=\"text-align: right;\"><a href=\"http:\/\/www.lespointscelestes.com\/\" target=\"_blank\" rel=\"noopener\" data-saferedirecturl=\"https:\/\/www.google.com\/url?q=http:\/\/www.lespointscelestes.com&amp;source=gmail&amp;ust=1646118396809000&amp;usg=AOvVaw0Ks52P0VwMhJvA05nIDkOs\">www.lespointscelestes.com<\/a><\/div>\t\t\t\t\t<\/div>\n\t\t\t\t\t\t<\/div>\n\t\t\t\t<\/div>\n\t\t\t\t\t\t<\/div>\n\t\t\t\t\t<\/div>\n\t\t<\/div>\n\t\t\t\t\t\t\t\t<\/div>\n\t\t\t\t\t<\/div>\n\t\t<\/section>\n\t\t\t\t\t\t\t\t\t<\/div>\n\t\t\t<\/div>\n\t\t\t\t\t<\/div>\n\t\t","protected":false},"excerpt":{"rendered":"<p>D\u00e9couvrez les merveilles du ciel \u00e9toil\u00e9e depuis Curienne gr\u00e2ce aux Points C\u00e9lestes !\u00a0Le plan\u00e9tariumComment retrouver l&rsquo;\u00e9toile polaire ? O\u00f9 est l&rsquo;\u00e9toile du berger ? qui a invent\u00e9 les constellations ? Axelle, habitante de Curienne, vous propose de r\u00e9pondre \u00e0 ces questions gr\u00e2ce \u00e0 un petit plan\u00e9tarium qui vous d\u00e9voilera les grandeurs de l&rsquo;univers. Dans cette [&hellip;]<\/p>\n","protected":false},"author":2,"featured_media":5744,"comment_status":"closed","ping_status":"closed","sticky":false,"template":"","format":"standard","meta":[],"categories":[88,90],"tags":[],"_links":{"self":[{"href":"https:\/\/mairie-curienne.fr\/index.php\/wp-json\/wp\/v2\/posts\/5740"}],"collection":[{"href":"https:\/\/mairie-curienne.fr\/index.php\/wp-json\/wp\/v2\/posts"}],"about":[{"href":"https:\/\/mairie-curienne.fr\/index.php\/wp-json\/wp\/v2\/types\/post"}],"author":[{"embeddable":true,"href":"https:\/\/mairie-curienne.fr\/index.php\/wp-json\/wp\/v2\/users\/2"}],"replies":[{"embeddable":true,"href":"https:\/\/mairie-curienne.fr\/index.php\/wp-json\/wp\/v2\/comments?post=5740"}],"version-history":[{"count":7,"href":"https:\/\/mairie-curienne.fr\/index.php\/wp-json\/wp\/v2\/posts\/5740\/revisions"}],"predecessor-version":[{"id":5751,"href":"https:\/\/mairie-curienne.fr\/index.php\/wp-json\/wp\/v2\/posts\/5740\/revisions\/5751"}],"wp:featuredmedia":[{"embeddable":true,"href":"https:\/\/mairie-curienne.fr\/index.php\/wp-json\/wp\/v2\/media\/5744"}],"wp:attachment":[{"href":"https:\/\/mairie-curienne.fr\/index.php\/wp-json\/wp\/v2\/media?parent=5740"}],"wp:term":[{"taxonomy":"category","embeddable":true,"href":"https:\/\/mairie-curienne.fr\/index.php\/wp-json\/wp\/v2\/categories?post=5740"},{"taxonomy":"post_tag","embeddable":true,"href":"https:\/\/mairie-curienne.fr\/index.php\/wp-json\/wp\/v2\/tags?post=5740"}],"curies":[{"name":"wp","href":"https:\/\/api.w.org\/{rel}","templated":true}]}}