{"id":5731,"date":"2022-02-25T16:16:00","date_gmt":"2022-02-25T15:16:00","guid":{"rendered":"https:\/\/mairie-curienne.fr\/?p=5731"},"modified":"2022-02-28T08:44:48","modified_gmt":"2022-02-28T07:44:48","slug":"le-projet-de-micro-creche","status":"publish","type":"post","link":"https:\/\/mairie-curienne.fr\/index.php\/2022\/02\/25\/le-projet-de-micro-creche\/","title":{"rendered":"Le Projet de micro cr\u00e8che"},"content":{"rendered":"\t\t<div data-elementor-type=\"wp-post\" data-elementor-id=\"5731\" class=\"elementor elementor-5731\">\n\t\t\t\t\t\t<div class=\"elementor-inner\">\n\t\t\t\t<div class=\"elementor-section-wrap\">\n\t\t\t\t\t\t\t\t\t<section class=\"elementor-section elementor-top-section elementor-element elementor-element-7f9ec3d elementor-section-boxed elementor-section-height-default elementor-section-height-default\" data-id=\"7f9ec3d\" data-element_type=\"section\">\n\t\t\t\t\t\t<div class=\"elementor-container elementor-column-gap-default\">\n\t\t\t\t\t\t\t<div class=\"elementor-row\">\n\t\t\t\t\t<div class=\"elementor-column elementor-col-100 elementor-top-column elementor-element elementor-element-874232b\" data-id=\"874232b\" data-element_type=\"column\">\n\t\t\t<div class=\"elementor-column-wrap elementor-element-populated\">\n\t\t\t\t\t\t\t<div class=\"elementor-widget-wrap\">\n\t\t\t\t\t\t<div class=\"elementor-element elementor-element-0a774be elementor-widget elementor-widget-text-editor\" data-id=\"0a774be\" data-element_type=\"widget\" data-widget_type=\"text-editor.default\">\n\t\t\t\t<div class=\"elementor-widget-container\">\n\t\t\t\t\t\t\t\t<div class=\"elementor-text-editor elementor-clearfix\">\n\t\t\t\t<div>Les Mairies de Curienne, Puygros et La Thuile accompagnent depuis \nplusieurs mois un projet de Micro-cr\u00e8che associative devant \ns&rsquo;installer&nbsp;au Boyat.<\/div><div><br><\/div><div>Le projet avance bien sur les principes \net moyens de financement dans une r\u00e9flexion collaborative entre les \u00e9lus\n et les porteuses de projet.<br><br><\/div><div>L&rsquo;association est en voie de construction avec la l&rsquo;implication de plusieurs familles du plateau.<\/div><div><br><\/div><div>Cependant,\n la Caisse d&rsquo;Allocations Familiales (CAF) vient d&rsquo;informer les \u00e9lus que \nleur d\u00e9cision de subventionnement du projet n&rsquo;interviendra qu&rsquo;\u00e0 la suite\n d&rsquo;une commission pr\u00e9vue courant avril..<\/div><div><br><\/div><div>Dans \nce contexte, et suite \u00e0 l&rsquo;\u00e9laboration des plans permettant un chiffrage \ndes travaux n\u00e9cessaires et obligatoire \u00e0 la remise aux normes du \nb\u00e2timents, et tenant compte des d\u00e9lais incompressibles \u00e0 la mise en \nactions des entreprises, l&rsquo;ouverture initialement pr\u00e9vue au mois de \nseptembre 2022 est report\u00e9e au d\u00e9but d&rsquo;ann\u00e9e 2023.<\/div><div><br><\/div><div>Les\n \u00e9lus, les fondatrices du projet, ainsi que les familles d\u00e9j\u00e0 fortement \nimpliqu\u00e9es, continuent de travailler ardemment pour permettre \nl&rsquo;ouverture de cette structure qui r\u00e9pondrait aux besoins des habitants \ndu plateau.<\/div><div><br><\/div><div>Vous pouvez contacter l&rsquo;association \u00ab\u00a0les petits explorateurs\u00a0\u00bb \u00e0 l&rsquo;adresse suivante.<\/div><div><a href=\"mailto:lespetitsexplorateurs73@gmail.com\">lespetitsexplorateurs73@gmail.com<\/a><br><br>Pour\n toutes questions sur le projet ou si vous souhaitez participer \u00e0 \nl&rsquo;\u00e9laboration et la r\u00e9flexion autour de cette structure d&rsquo;accueil du \njeune enfant..<\/div>\t\t\t\t\t<\/div>\n\t\t\t\t\t\t<\/div>\n\t\t\t\t<\/div>\n\t\t\t\t\t\t<\/div>\n\t\t\t\t\t<\/div>\n\t\t<\/div>\n\t\t\t\t\t\t\t\t<\/div>\n\t\t\t\t\t<\/div>\n\t\t<\/section>\n\t\t\t\t\t\t\t\t\t<\/div>\n\t\t\t<\/div>\n\t\t\t\t\t<\/div>\n\t\t","protected":false},"excerpt":{"rendered":"<p>Les Mairies de Curienne, Puygros et La Thuile accompagnent depuis plusieurs mois un projet de Micro-cr\u00e8che associative devant s&rsquo;installer&nbsp;au Boyat. Le projet avance bien sur les principes et moyens de financement dans une r\u00e9flexion collaborative entre les \u00e9lus et les porteuses de projet. L&rsquo;association est en voie de construction avec la l&rsquo;implication de plusieurs familles [&hellip;]<\/p>\n","protected":false},"author":3,"featured_media":5736,"comment_status":"closed","ping_status":"closed","sticky":false,"template":"","format":"standard","meta":[],"categories":[88,91],"tags":[],"_links":{"self":[{"href":"https:\/\/mairie-curienne.fr\/index.php\/wp-json\/wp\/v2\/posts\/5731"}],"collection":[{"href":"https:\/\/mairie-curienne.fr\/index.php\/wp-json\/wp\/v2\/posts"}],"about":[{"href":"https:\/\/mairie-curienne.fr\/index.php\/wp-json\/wp\/v2\/types\/post"}],"author":[{"embeddable":true,"href":"https:\/\/mairie-curienne.fr\/index.php\/wp-json\/wp\/v2\/users\/3"}],"replies":[{"embeddable":true,"href":"https:\/\/mairie-curienne.fr\/index.php\/wp-json\/wp\/v2\/comments?post=5731"}],"version-history":[{"count":5,"href":"https:\/\/mairie-curienne.fr\/index.php\/wp-json\/wp\/v2\/posts\/5731\/revisions"}],"predecessor-version":[{"id":5737,"href":"https:\/\/mairie-curienne.fr\/index.php\/wp-json\/wp\/v2\/posts\/5731\/revisions\/5737"}],"wp:featuredmedia":[{"embeddable":true,"href":"https:\/\/mairie-curienne.fr\/index.php\/wp-json\/wp\/v2\/media\/5736"}],"wp:attachment":[{"href":"https:\/\/mairie-curienne.fr\/index.php\/wp-json\/wp\/v2\/media?parent=5731"}],"wp:term":[{"taxonomy":"category","embeddable":true,"href":"https:\/\/mairie-curienne.fr\/index.php\/wp-json\/wp\/v2\/categories?post=5731"},{"taxonomy":"post_tag","embeddable":true,"href":"https:\/\/mairie-curienne.fr\/index.php\/wp-json\/wp\/v2\/tags?post=5731"}],"curies":[{"name":"wp","href":"https:\/\/api.w.org\/{rel}","templated":true}]}}