{"id":5713,"date":"2022-02-18T10:43:45","date_gmt":"2022-02-18T09:43:45","guid":{"rendered":"https:\/\/mairie-curienne.fr\/?p=5713"},"modified":"2022-02-28T08:44:15","modified_gmt":"2022-02-28T07:44:15","slug":"erratum-adressage","status":"publish","type":"post","link":"https:\/\/mairie-curienne.fr\/index.php\/2022\/02\/18\/erratum-adressage\/","title":{"rendered":"ERRATUM &#8211; Adressage"},"content":{"rendered":"\t\t<div data-elementor-type=\"wp-post\" data-elementor-id=\"5713\" class=\"elementor elementor-5713\">\n\t\t\t\t\t\t<div class=\"elementor-inner\">\n\t\t\t\t<div class=\"elementor-section-wrap\">\n\t\t\t\t\t\t\t\t\t<section class=\"elementor-section elementor-top-section elementor-element elementor-element-638c443 elementor-section-boxed elementor-section-height-default elementor-section-height-default\" data-id=\"638c443\" data-element_type=\"section\">\n\t\t\t\t\t\t<div class=\"elementor-container elementor-column-gap-default\">\n\t\t\t\t\t\t\t<div class=\"elementor-row\">\n\t\t\t\t\t<div class=\"elementor-column elementor-col-100 elementor-top-column elementor-element elementor-element-8240487\" data-id=\"8240487\" data-element_type=\"column\">\n\t\t\t<div class=\"elementor-column-wrap elementor-element-populated\">\n\t\t\t\t\t\t\t<div class=\"elementor-widget-wrap\">\n\t\t\t\t\t\t<div class=\"elementor-element elementor-element-1d8fb7f elementor-widget elementor-widget-text-editor\" data-id=\"1d8fb7f\" data-element_type=\"widget\" data-widget_type=\"text-editor.default\">\n\t\t\t\t<div class=\"elementor-widget-container\">\n\t\t\t\t\t\t\t\t<div class=\"elementor-text-editor elementor-clearfix\">\n\t\t\t\t<p>Lors des voeux du maire, nous vous avions inform\u00e9s que les panneaux de n\u00b0 seraient livr\u00e9s dans les boites aux lettres. Compte tenu du nombre de documents administratifs n\u00e9cessaires et des informations \u00e0 fournir, la municipalit\u00e9 a souhait\u00e9 que soit r\u00e9alis\u00e9es des permanences dans les locaux de la mairie.\u00a0<\/p><p>Un flyer a \u00e9t\u00e9 distribu\u00e9 \u00e0 tous les habitants en ce sens et l&rsquo;ensemble de l&rsquo;\u00e9quipe municipale vous pr\u00e9sente ses excuses pour le doute que la communication a pu susciter.<\/p><p>Les personnes qui ne pourraient pas se rendre aux permanences dans les horaires indiqu\u00e9s devront prendre rendez-vous \u00e0 la mairie \u00e0 partir du 28\/02\/2022.\u00a0<\/p><p>\u00a0<\/p>\t\t\t\t\t<\/div>\n\t\t\t\t\t\t<\/div>\n\t\t\t\t<\/div>\n\t\t\t\t\t\t<\/div>\n\t\t\t\t\t<\/div>\n\t\t<\/div>\n\t\t\t\t\t\t\t\t<\/div>\n\t\t\t\t\t<\/div>\n\t\t<\/section>\n\t\t\t\t\t\t\t\t\t<\/div>\n\t\t\t<\/div>\n\t\t\t\t\t<\/div>\n\t\t","protected":false},"excerpt":{"rendered":"<p>Lors des voeux du maire, nous vous avions inform\u00e9s que les panneaux de n\u00b0 seraient livr\u00e9s dans les boites aux lettres. Compte tenu du nombre de documents administratifs n\u00e9cessaires et des informations \u00e0 fournir, la municipalit\u00e9 a souhait\u00e9 que soit r\u00e9alis\u00e9es des permanences dans les locaux de la mairie.&nbsp; Un flyer a \u00e9t\u00e9 distribu\u00e9 \u00e0 [&hellip;]<\/p>\n","protected":false},"author":3,"featured_media":5716,"comment_status":"closed","ping_status":"closed","sticky":false,"template":"","format":"standard","meta":[],"categories":[88,91],"tags":[],"_links":{"self":[{"href":"https:\/\/mairie-curienne.fr\/index.php\/wp-json\/wp\/v2\/posts\/5713"}],"collection":[{"href":"https:\/\/mairie-curienne.fr\/index.php\/wp-json\/wp\/v2\/posts"}],"about":[{"href":"https:\/\/mairie-curienne.fr\/index.php\/wp-json\/wp\/v2\/types\/post"}],"author":[{"embeddable":true,"href":"https:\/\/mairie-curienne.fr\/index.php\/wp-json\/wp\/v2\/users\/3"}],"replies":[{"embeddable":true,"href":"https:\/\/mairie-curienne.fr\/index.php\/wp-json\/wp\/v2\/comments?post=5713"}],"version-history":[{"count":15,"href":"https:\/\/mairie-curienne.fr\/index.php\/wp-json\/wp\/v2\/posts\/5713\/revisions"}],"predecessor-version":[{"id":5739,"href":"https:\/\/mairie-curienne.fr\/index.php\/wp-json\/wp\/v2\/posts\/5713\/revisions\/5739"}],"wp:featuredmedia":[{"embeddable":true,"href":"https:\/\/mairie-curienne.fr\/index.php\/wp-json\/wp\/v2\/media\/5716"}],"wp:attachment":[{"href":"https:\/\/mairie-curienne.fr\/index.php\/wp-json\/wp\/v2\/media?parent=5713"}],"wp:term":[{"taxonomy":"category","embeddable":true,"href":"https:\/\/mairie-curienne.fr\/index.php\/wp-json\/wp\/v2\/categories?post=5713"},{"taxonomy":"post_tag","embeddable":true,"href":"https:\/\/mairie-curienne.fr\/index.php\/wp-json\/wp\/v2\/tags?post=5713"}],"curies":[{"name":"wp","href":"https:\/\/api.w.org\/{rel}","templated":true}]}}