{"id":5656,"date":"2022-02-03T18:22:22","date_gmt":"2022-02-03T17:22:22","guid":{"rendered":"https:\/\/mairie-curienne.fr\/?p=5656"},"modified":"2022-02-18T10:43:24","modified_gmt":"2022-02-18T09:43:24","slug":"les-voeux-du-maire","status":"publish","type":"post","link":"https:\/\/mairie-curienne.fr\/index.php\/2022\/02\/03\/les-voeux-du-maire\/","title":{"rendered":"Les v\u0153ux du maire"},"content":{"rendered":"\t\t<div data-elementor-type=\"wp-post\" data-elementor-id=\"5656\" class=\"elementor elementor-5656\">\n\t\t\t\t\t\t<div class=\"elementor-inner\">\n\t\t\t\t<div class=\"elementor-section-wrap\">\n\t\t\t\t\t\t\t\t\t<section class=\"elementor-section elementor-top-section elementor-element elementor-element-d9d8c36 elementor-section-boxed elementor-section-height-default elementor-section-height-default\" data-id=\"d9d8c36\" data-element_type=\"section\">\n\t\t\t\t\t\t<div class=\"elementor-container elementor-column-gap-default\">\n\t\t\t\t\t\t\t<div class=\"elementor-row\">\n\t\t\t\t\t<div class=\"elementor-column elementor-col-100 elementor-top-column elementor-element elementor-element-4e46644\" data-id=\"4e46644\" data-element_type=\"column\">\n\t\t\t<div class=\"elementor-column-wrap elementor-element-populated\">\n\t\t\t\t\t\t\t<div class=\"elementor-widget-wrap\">\n\t\t\t\t\t\t<div class=\"elementor-element elementor-element-87717c2 elementor-widget elementor-widget-text-editor\" data-id=\"87717c2\" data-element_type=\"widget\" data-widget_type=\"text-editor.default\">\n\t\t\t\t<div class=\"elementor-widget-container\">\n\t\t\t\t\t\t\t\t<div class=\"elementor-text-editor elementor-clearfix\">\n\t\t\t\t<p style=\"text-align: left;\">Comme chaque ann\u00e9e, je ne d\u00e9roges pas \u00e0 la tradition de f\u00eater les v\u0153ux.\u00a0<span style=\"font-family: var( --e-global-typography-text-font-family ), Sans-serif; font-weight: var( --e-global-typography-text-font-weight ); letter-spacing: 0px;\">Ainsi, la municipalit\u00e9 et moi m\u00eame vous souhaitent une heureuse ann\u00e9e; malgr\u00e9 le fait qu&rsquo;elle s&rsquo;annonce sous le signe du COVID. J&rsquo;ai cependant des raisons d&rsquo;esp\u00e9rer voir bient\u00f4t la fin de cette p\u00e9riode difficile.<\/span><\/p><h3>D\u00e9chetterie mobile<\/h3><p>Suite \u00e0 un d\u00e9ficit du nombre de d\u00e9chetteries sur l&rsquo;agglom\u00e9ration, le service d\u00e9chetterie de Grand Chamb\u00e9ry met en place un service de d\u00e9chetterie mobile qui sera propos\u00e9 aux usagers deux fois par an et sans surco\u00fbt.<\/p><p>La premi\u00e8re date pour Curienne est le <strong>samedi 30 avril<\/strong><u><b>\u00a0sur le parking de la salle polyvalente de 9 h00 \u00e0 15 h 00.<\/b><\/u><span style=\"font-family: var( --e-global-typography-text-font-family ), Sans-serif; font-weight: var( --e-global-typography-text-font-weight ); letter-spacing: 0px;\">\u00a0Pour information, ce dispositif tourne sur l&rsquo;ensemble des communes du plateau de la Leysse.\u00a0<\/span><\/p><p>Les autres dates sont :\u00a0<\/p><ul><li>Puygros\u00a0 :\u00a0<strong>samedi 12 mars<\/strong>\u00a0<\/li><li>La Thuile le <strong>jeudi 17 mars<\/strong>.<\/li><\/ul><h3>Arr\u00eat\u00e9 pour divagation d&rsquo;animaux<\/h3><p>Compte tenu du grand nombre de r\u00e9clamation des habitants sur les probl\u00e8mes li\u00e9s aux chiens divagants sur la commune, j&rsquo;ai pris un arr\u00eat\u00e9 permettant de sanctionner les propri\u00e9taires concern\u00e9s.<\/p><p>En ce sens, les adjoints et moi disposons de la possibilit\u00e9 de verbaliser les propri\u00e9taires d&rsquo;animaux surpris en \u00e9tat de divagation sur la voie publique <b>par une amende de 38\u20ac<\/b>.\u00a0\u00a0<\/p><p>Toutefois, une p\u00e9riode de p\u00e9dagogie et d&rsquo;information, sans sanction, sera mise en place \u00e0 partir du <b><u>Mercredi\u00a015 f\u00e9vrier\u00a02022 jusqu&rsquo;au Dimanche 13 mars\u00a02022 incl<\/u>us<\/b>. La verbalisation sera effective<u><b> \u00e0 partir du lundi 14\u00a0mars 2022.<\/b><\/u><\/p><p>\u00c0 titre d&rsquo;information,\u00a0 les sommes dues au titre des amendes seront r\u00e9cup\u00e9r\u00e9es par le Tr\u00e9sor Public (Etat) et ne b\u00e9n\u00e9ficieront pas directement \u00e0 la commune. Un budget pourra \u00eatre revers\u00e9 au village sous la forme de subventions pour la s\u00e9curisation de la voirie (passages pi\u00e9ton, ralentisseurs,&#8230; ).<\/p><h3>Adressage<\/h3><p>En fin d&rsquo;ann\u00e9e 2021, le conseil municipal a valid\u00e9 la nouvelle d\u00e9nomination des voies et l&rsquo;ensemble des informations administratives ont \u00e9t\u00e9 fournies aux diff\u00e9rentes administration (imp\u00f4t, la poste, SDIS&#8230;). <span style=\"font-family: var( --e-global-typography-text-font-family ), Sans-serif; font-weight: var( --e-global-typography-text-font-weight ); letter-spacing: 0px;\">Les panneaux de rues ont \u00e9t\u00e9 livr\u00e9s ces derniers jours \u00e0 la commune et seront install\u00e9s sur le premier semestre.\u00a0<\/span><\/p><p><span style=\"font-family: var( --e-global-typography-text-font-family ), Sans-serif; font-weight: var( --e-global-typography-text-font-weight ); letter-spacing: 0px;\">Les n\u00b0 seront quant \u00e0 eux remis pendant les permanences organis\u00e9es entre le 23\/02\/ et le 25\/02. A cette occasion, les panneaux, une fiche d&rsquo;informations sur les d\u00e9marches individuelles \u00e0 mettre en place et un certificat d&rsquo;affichage sera remis pour chaque foyer.\u00a0<\/span><\/p><p><span style=\"font-family: var( --e-global-typography-text-font-family ), Sans-serif; font-weight: var( --e-global-typography-text-font-weight ); letter-spacing: 0px;\">En cas de d\u00e9marches administratives particuli\u00e8re (renouvellement de pi\u00e8ces d&rsquo;identit\u00e9, par exemple), vous pouvez contacter les services administratifs de la mairie par mail pour conna\u00eetre pr\u00e9cis\u00e9ment votre nouvelle adresse.\u00a0<\/span><\/p><p><span style=\"color: #202b5d; font-family: Cabin; font-size: 1.4375rem; font-weight: 600; letter-spacing: 0px;\">Micro cr\u00e8che\u00a0<\/span><\/p><p>La mise en place d&rsquo;une nouvelle garderie sur le Boyat est en cours de d\u00e9veloppement et de discussion pour les trois communes voisines ( Curienne, Puygros, et la Thuile). Les porteurs de projets sont tr\u00e8s motiv\u00e9es et r\u00e9pondent aux questions des parents int\u00e9ress\u00e9s par le service \u00e0 l&rsquo;adresse suivante :\u00a0<b style=\"font-family: Calibri, sans-serif; font-size: 12pt; color: #333333; letter-spacing: 0px;\">l<\/b><b style=\"font-family: Calibri, sans-serif; font-size: 12pt; color: #333333; letter-spacing: 0px;\">espetitsexplorateurs73@gmail.com.\u00a0<\/b><\/p><p><b style=\"font-family: Calibri, sans-serif; font-size: 12pt; color: #333333; letter-spacing: 0px;\">N<\/b><span style=\"font-family: var( --e-global-typography-text-font-family ), Sans-serif; font-weight: var( --e-global-typography-text-font-weight ); letter-spacing: 0px;\">ous esp\u00e9rons que ce projet verra bient\u00f4t le jour.\u00a0<\/span><span style=\"font-family: var( --e-global-typography-text-font-family ), Sans-serif; font-weight: var( --e-global-typography-text-font-weight ); letter-spacing: 0px;\">Ce serait, en effet, une excellente nouvelle pour notre village dont les familles sont en demande de ce service.<\/span><\/p><h3 style=\"margin-top: 1.43478em; line-height: 1.21739;\">Biblioth\u00e8que\u00a0<\/h3><p>Depuis le d\u00e9but de l&rsquo;ann\u00e9e 2022, l&rsquo;\u00e9quipe de b\u00e9n\u00e9vole est heureuse de vous accueillir dans des locaux plus spacieux et beaucoup plus clairs (1er \u00e9tage gauche de la mairie).\u00a0<\/p><p>\u00a0<\/p><p style=\"line-height: inherit; color: #174f80; font-size: 17px;\"><span style=\"color: var( --e-global-color-text ); font-family: var( --e-global-typography-text-font-family ), Sans-serif; font-weight: var( --e-global-typography-text-font-weight ); font-size: 16px; letter-spacing: 0px;\">\u00a0<\/span><span style=\"letter-spacing: 0px; color: #202b5d; font-family: Cabin; font-size: 1.4375rem; font-weight: 600;\">Auberge<\/span><\/p><p>Je suis aussi heureux de vous informer que le bail de l&rsquo;auberge Saint-Michel a \u00e9t\u00e9 renouvel\u00e9 pour un an et je souhaite aux g\u00e9rants une excellente prosp\u00e9rit\u00e9 commerciale et que l&rsquo;ann\u00e9e 2022 soit une meilleure ann\u00e9e que les 2 derni\u00e8res qui se sont \u00e9coul\u00e9es.<\/p><p>M\u00eame si nous ne pouvons malheureusement pas organiser une petite f\u00eate par ces temps de restrictions sanitaires, je souhaite tout de m\u00eame vous renouveler tous mes meilleurs v\u0153ux pour l&rsquo;ann\u00e9e 2022.<\/p><p><b>Enfin, un grand merci \u00e0 nos associations et aux agents municipaux qui font vivre notre territoire au quotidien.\u00a0<\/b><\/p><p style=\"text-align: right;\"><strong>St\u00e9phane Bochetpedn<\/strong><\/p>\t\t\t\t\t<\/div>\n\t\t\t\t\t\t<\/div>\n\t\t\t\t<\/div>\n\t\t\t\t\t\t<\/div>\n\t\t\t\t\t<\/div>\n\t\t<\/div>\n\t\t\t\t\t\t\t\t<\/div>\n\t\t\t\t\t<\/div>\n\t\t<\/section>\n\t\t\t\t\t\t\t\t\t<\/div>\n\t\t\t<\/div>\n\t\t\t\t\t<\/div>\n\t\t","protected":false},"excerpt":{"rendered":"<p>Comme chaque ann\u00e9e, je ne d\u00e9roges pas \u00e0 la tradition de f\u00eater les v\u0153ux.&nbsp;Ainsi, la municipalit\u00e9 et moi m\u00eame vous souhaitent une heureuse ann\u00e9e; malgr\u00e9 le fait qu&rsquo;elle s&rsquo;annonce sous le signe du COVID. J&rsquo;ai cependant des raisons d&rsquo;esp\u00e9rer voir bient\u00f4t la fin de cette p\u00e9riode difficile. D\u00e9chetterie mobile Suite \u00e0 un d\u00e9ficit du nombre [&hellip;]<\/p>\n","protected":false},"author":2,"featured_media":5695,"comment_status":"closed","ping_status":"open","sticky":false,"template":"","format":"standard","meta":[],"categories":[88,91],"tags":[],"_links":{"self":[{"href":"https:\/\/mairie-curienne.fr\/index.php\/wp-json\/wp\/v2\/posts\/5656"}],"collection":[{"href":"https:\/\/mairie-curienne.fr\/index.php\/wp-json\/wp\/v2\/posts"}],"about":[{"href":"https:\/\/mairie-curienne.fr\/index.php\/wp-json\/wp\/v2\/types\/post"}],"author":[{"embeddable":true,"href":"https:\/\/mairie-curienne.fr\/index.php\/wp-json\/wp\/v2\/users\/2"}],"replies":[{"embeddable":true,"href":"https:\/\/mairie-curienne.fr\/index.php\/wp-json\/wp\/v2\/comments?post=5656"}],"version-history":[{"count":43,"href":"https:\/\/mairie-curienne.fr\/index.php\/wp-json\/wp\/v2\/posts\/5656\/revisions"}],"predecessor-version":[{"id":5712,"href":"https:\/\/mairie-curienne.fr\/index.php\/wp-json\/wp\/v2\/posts\/5656\/revisions\/5712"}],"wp:featuredmedia":[{"embeddable":true,"href":"https:\/\/mairie-curienne.fr\/index.php\/wp-json\/wp\/v2\/media\/5695"}],"wp:attachment":[{"href":"https:\/\/mairie-curienne.fr\/index.php\/wp-json\/wp\/v2\/media?parent=5656"}],"wp:term":[{"taxonomy":"category","embeddable":true,"href":"https:\/\/mairie-curienne.fr\/index.php\/wp-json\/wp\/v2\/categories?post=5656"},{"taxonomy":"post_tag","embeddable":true,"href":"https:\/\/mairie-curienne.fr\/index.php\/wp-json\/wp\/v2\/tags?post=5656"}],"curies":[{"name":"wp","href":"https:\/\/api.w.org\/{rel}","templated":true}]}}