{"id":5643,"date":"2022-01-17T08:10:37","date_gmt":"2022-01-17T07:10:37","guid":{"rendered":"https:\/\/mairie-curienne.fr\/?p=5643"},"modified":"2022-01-17T08:14:21","modified_gmt":"2022-01-17T07:14:21","slug":"jean-du-pays-theatre","status":"publish","type":"post","link":"https:\/\/mairie-curienne.fr\/index.php\/2022\/01\/17\/jean-du-pays-theatre\/","title":{"rendered":"Jean du Pays (Th\u00e9\u00e2tre)"},"content":{"rendered":"\t\t<div data-elementor-type=\"wp-post\" data-elementor-id=\"5643\" class=\"elementor elementor-5643\">\n\t\t\t\t\t\t<div class=\"elementor-inner\">\n\t\t\t\t<div class=\"elementor-section-wrap\">\n\t\t\t\t\t\t\t\t\t<section class=\"elementor-section elementor-top-section elementor-element elementor-element-ac13b54 elementor-section-boxed elementor-section-height-default elementor-section-height-default\" data-id=\"ac13b54\" data-element_type=\"section\">\n\t\t\t\t\t\t<div class=\"elementor-container elementor-column-gap-default\">\n\t\t\t\t\t\t\t<div class=\"elementor-row\">\n\t\t\t\t\t<div class=\"elementor-column elementor-col-100 elementor-top-column elementor-element elementor-element-865af77\" data-id=\"865af77\" data-element_type=\"column\">\n\t\t\t<div class=\"elementor-column-wrap elementor-element-populated\">\n\t\t\t\t\t\t\t<div class=\"elementor-widget-wrap\">\n\t\t\t\t\t\t<div class=\"elementor-element elementor-element-e0c5fb9 elementor-widget elementor-widget-text-editor\" data-id=\"e0c5fb9\" data-element_type=\"widget\" data-widget_type=\"text-editor.default\">\n\t\t\t\t<div class=\"elementor-widget-container\">\n\t\t\t\t\t\t\t\t<div class=\"elementor-text-editor elementor-clearfix\">\n\t\t\t\t<p>Le 4 f\u00e9vrier aura lieu la repr\u00e9sentation de la pi\u00e8ce de th\u00e9\u00e2tre Jean du Pays. Nous vous donnons rendez-vous \u00e0 la salle des f\u00eates de Curienne \u00e0 20h30 !<\/p><p style=\"text-align: right;\"><strong>La Culturienne<\/strong><\/p>\t\t\t\t\t<\/div>\n\t\t\t\t\t\t<\/div>\n\t\t\t\t<\/div>\n\t\t\t\t\t\t<\/div>\n\t\t\t\t\t<\/div>\n\t\t<\/div>\n\t\t\t\t\t\t\t\t<\/div>\n\t\t\t\t\t<\/div>\n\t\t<\/section>\n\t\t\t\t\t\t\t\t\t<\/div>\n\t\t\t<\/div>\n\t\t\t\t\t<\/div>\n\t\t","protected":false},"excerpt":{"rendered":"<p>Le 4 f\u00e9vrier aura lieu la repr\u00e9sentation de la pi\u00e8ce de th\u00e9\u00e2tre Jean du Pays. Nous vous donnons rendez-vous \u00e0 la salle des f\u00eates de Curienne \u00e0 20h30 ! La Culturienne<\/p>\n","protected":false},"author":2,"featured_media":5644,"comment_status":"closed","ping_status":"closed","sticky":false,"template":"","format":"standard","meta":[],"categories":[88,90],"tags":[],"_links":{"self":[{"href":"https:\/\/mairie-curienne.fr\/index.php\/wp-json\/wp\/v2\/posts\/5643"}],"collection":[{"href":"https:\/\/mairie-curienne.fr\/index.php\/wp-json\/wp\/v2\/posts"}],"about":[{"href":"https:\/\/mairie-curienne.fr\/index.php\/wp-json\/wp\/v2\/types\/post"}],"author":[{"embeddable":true,"href":"https:\/\/mairie-curienne.fr\/index.php\/wp-json\/wp\/v2\/users\/2"}],"replies":[{"embeddable":true,"href":"https:\/\/mairie-curienne.fr\/index.php\/wp-json\/wp\/v2\/comments?post=5643"}],"version-history":[{"count":4,"href":"https:\/\/mairie-curienne.fr\/index.php\/wp-json\/wp\/v2\/posts\/5643\/revisions"}],"predecessor-version":[{"id":5648,"href":"https:\/\/mairie-curienne.fr\/index.php\/wp-json\/wp\/v2\/posts\/5643\/revisions\/5648"}],"wp:featuredmedia":[{"embeddable":true,"href":"https:\/\/mairie-curienne.fr\/index.php\/wp-json\/wp\/v2\/media\/5644"}],"wp:attachment":[{"href":"https:\/\/mairie-curienne.fr\/index.php\/wp-json\/wp\/v2\/media?parent=5643"}],"wp:term":[{"taxonomy":"category","embeddable":true,"href":"https:\/\/mairie-curienne.fr\/index.php\/wp-json\/wp\/v2\/categories?post=5643"},{"taxonomy":"post_tag","embeddable":true,"href":"https:\/\/mairie-curienne.fr\/index.php\/wp-json\/wp\/v2\/tags?post=5643"}],"curies":[{"name":"wp","href":"https:\/\/api.w.org\/{rel}","templated":true}]}}