{"id":5540,"date":"2021-11-12T22:30:27","date_gmt":"2021-11-12T21:30:27","guid":{"rendered":"https:\/\/mairie-curienne.fr\/?p=5540"},"modified":"2021-11-12T22:31:03","modified_gmt":"2021-11-12T21:31:03","slug":"20-novembre-forum-assistants-maternels","status":"publish","type":"post","link":"https:\/\/mairie-curienne.fr\/index.php\/2021\/11\/12\/20-novembre-forum-assistants-maternels\/","title":{"rendered":"20 novembre : forum assistants maternels"},"content":{"rendered":"\t\t<div data-elementor-type=\"wp-post\" data-elementor-id=\"5540\" class=\"elementor elementor-5540\">\n\t\t\t\t\t\t<div class=\"elementor-inner\">\n\t\t\t\t<div class=\"elementor-section-wrap\">\n\t\t\t\t\t\t\t\t\t<section class=\"elementor-section elementor-top-section elementor-element elementor-element-d923672 elementor-section-boxed elementor-section-height-default elementor-section-height-default\" data-id=\"d923672\" data-element_type=\"section\">\n\t\t\t\t\t\t<div class=\"elementor-container elementor-column-gap-default\">\n\t\t\t\t\t\t\t<div class=\"elementor-row\">\n\t\t\t\t\t<div class=\"elementor-column elementor-col-100 elementor-top-column elementor-element elementor-element-e7ba14c\" data-id=\"e7ba14c\" data-element_type=\"column\">\n\t\t\t<div class=\"elementor-column-wrap elementor-element-populated\">\n\t\t\t\t\t\t\t<div class=\"elementor-widget-wrap\">\n\t\t\t\t\t\t<div class=\"elementor-element elementor-element-224c443 elementor-widget elementor-widget-text-editor\" data-id=\"224c443\" data-element_type=\"widget\" data-widget_type=\"text-editor.default\">\n\t\t\t\t<div class=\"elementor-widget-container\">\n\t\t\t\t\t\t\t\t<div class=\"elementor-text-editor elementor-clearfix\">\n\t\t\t\t<p>Mesdames, messieurs bonjour,<\/p><p>\u00c0 l\u2019occasion de la journ\u00e9e nationale des assistants maternels, nous vous informons de la mise en place du forum inter-relais sur le th\u00e8me \u00ab enfant parent assistant maternel \u2013 une rencontre avenir \u00bb con\u00e7u dans l\u2019intention de faire conna\u00eetre et valoriser le m\u00e9tier d\u2019assistant maternel.<\/p><p>Ce forum aura lieu cette ann\u00e9e sur la commune de la Ravoire le <strong>samedi 20 novembre<\/strong> de 10h \u00e0 17h et va r\u00e9unir les diff\u00e9rents services qui gravitent autour de ce m\u00e9tier.<\/p><p><a href=\"https:\/\/mairie-curienne.fr\/wp-content\/uploads\/2020\/07\/FlyerAfficheForumAssMat2021.pdf\">T\u00e9l\u00e9charger le programme de la journ\u00e9e<\/a><\/p><p style=\"text-align: right;\"><strong>Claude Racine<\/strong><br \/><strong>Responsable Relais Parents Assistants Maternels<\/strong><br \/><strong>Territoire St Alban Leysee<\/strong><\/p>\t\t\t\t\t<\/div>\n\t\t\t\t\t\t<\/div>\n\t\t\t\t<\/div>\n\t\t\t\t\t\t<\/div>\n\t\t\t\t\t<\/div>\n\t\t<\/div>\n\t\t\t\t\t\t\t\t<\/div>\n\t\t\t\t\t<\/div>\n\t\t<\/section>\n\t\t\t\t\t\t\t\t\t<\/div>\n\t\t\t<\/div>\n\t\t\t\t\t<\/div>\n\t\t","protected":false},"excerpt":{"rendered":"<p>Mesdames, messieurs bonjour, \u00c0 l\u2019occasion de la journ\u00e9e nationale des assistants maternels, nous vous informons de la mise en place du forum inter-relais sur le th\u00e8me \u00ab enfant parent assistant maternel \u2013 une rencontre avenir \u00bb con\u00e7u dans l\u2019intention de faire conna\u00eetre et valoriser le m\u00e9tier d\u2019assistant maternel. Ce forum aura lieu cette ann\u00e9e sur [&hellip;]<\/p>\n","protected":false},"author":2,"featured_media":5542,"comment_status":"closed","ping_status":"open","sticky":false,"template":"","format":"standard","meta":[],"categories":[88,89],"tags":[],"_links":{"self":[{"href":"https:\/\/mairie-curienne.fr\/index.php\/wp-json\/wp\/v2\/posts\/5540"}],"collection":[{"href":"https:\/\/mairie-curienne.fr\/index.php\/wp-json\/wp\/v2\/posts"}],"about":[{"href":"https:\/\/mairie-curienne.fr\/index.php\/wp-json\/wp\/v2\/types\/post"}],"author":[{"embeddable":true,"href":"https:\/\/mairie-curienne.fr\/index.php\/wp-json\/wp\/v2\/users\/2"}],"replies":[{"embeddable":true,"href":"https:\/\/mairie-curienne.fr\/index.php\/wp-json\/wp\/v2\/comments?post=5540"}],"version-history":[{"count":4,"href":"https:\/\/mairie-curienne.fr\/index.php\/wp-json\/wp\/v2\/posts\/5540\/revisions"}],"predecessor-version":[{"id":5546,"href":"https:\/\/mairie-curienne.fr\/index.php\/wp-json\/wp\/v2\/posts\/5540\/revisions\/5546"}],"wp:featuredmedia":[{"embeddable":true,"href":"https:\/\/mairie-curienne.fr\/index.php\/wp-json\/wp\/v2\/media\/5542"}],"wp:attachment":[{"href":"https:\/\/mairie-curienne.fr\/index.php\/wp-json\/wp\/v2\/media?parent=5540"}],"wp:term":[{"taxonomy":"category","embeddable":true,"href":"https:\/\/mairie-curienne.fr\/index.php\/wp-json\/wp\/v2\/categories?post=5540"},{"taxonomy":"post_tag","embeddable":true,"href":"https:\/\/mairie-curienne.fr\/index.php\/wp-json\/wp\/v2\/tags?post=5540"}],"curies":[{"name":"wp","href":"https:\/\/api.w.org\/{rel}","templated":true}]}}