{"id":5513,"date":"2021-11-06T09:21:51","date_gmt":"2021-11-06T08:21:51","guid":{"rendered":"https:\/\/mairie-curienne.fr\/?p=5513"},"modified":"2021-11-06T09:22:34","modified_gmt":"2021-11-06T08:22:34","slug":"le-20-novembre-journee-festive-autour-du-bois","status":"publish","type":"post","link":"https:\/\/mairie-curienne.fr\/index.php\/2021\/11\/06\/le-20-novembre-journee-festive-autour-du-bois\/","title":{"rendered":"Le 20 novembre : journ\u00e9e festive autour du bois"},"content":{"rendered":"\t\t<div data-elementor-type=\"wp-post\" data-elementor-id=\"5513\" class=\"elementor elementor-5513\">\n\t\t\t\t\t\t<div class=\"elementor-inner\">\n\t\t\t\t<div class=\"elementor-section-wrap\">\n\t\t\t\t\t\t\t\t\t<section class=\"elementor-section elementor-top-section elementor-element elementor-element-c26e9d2 elementor-section-boxed elementor-section-height-default elementor-section-height-default\" data-id=\"c26e9d2\" data-element_type=\"section\">\n\t\t\t\t\t\t<div class=\"elementor-container elementor-column-gap-default\">\n\t\t\t\t\t\t\t<div class=\"elementor-row\">\n\t\t\t\t\t<div class=\"elementor-column elementor-col-100 elementor-top-column elementor-element elementor-element-15e0161\" data-id=\"15e0161\" data-element_type=\"column\">\n\t\t\t<div class=\"elementor-column-wrap elementor-element-populated\">\n\t\t\t\t\t\t\t<div class=\"elementor-widget-wrap\">\n\t\t\t\t\t\t<div class=\"elementor-element elementor-element-06decfa elementor-widget elementor-widget-text-editor\" data-id=\"06decfa\" data-element_type=\"widget\" data-widget_type=\"text-editor.default\">\n\t\t\t\t<div class=\"elementor-widget-container\">\n\t\t\t\t\t\t\t\t<div class=\"elementor-text-editor elementor-clearfix\">\n\t\t\t\t<p>Le <strong>samedi 20 novembre<\/strong> \u00e0 partir de <strong>10h<\/strong> pr\u00e8s de la salle des f\u00eates de Curienne, aura lieu une d\u00e9monstration de la transformation du bois par le bucheron <strong>M. Louis Roseau<\/strong> \u00e0 l&rsquo;aide d&rsquo;une scie mobile.\u00a0<\/p><p>En plus de cette d\u00e9monstration, du pain cuit sur place, des animations pour les enfants, un march\u00e9 producteur et une buvette avec des diots seront au programme. Ce sera ainsi l&rsquo;occasion de se retrouver dans une petite f\u00eate de village pour partager un bon moment ensemble.<\/p><p style=\"text-align: right;\"><strong>La mairie en collaboration avec le Sou des \u00e9coles<\/strong><\/p>\t\t\t\t\t<\/div>\n\t\t\t\t\t\t<\/div>\n\t\t\t\t<\/div>\n\t\t\t\t\t\t<\/div>\n\t\t\t\t\t<\/div>\n\t\t<\/div>\n\t\t\t\t\t\t\t\t<\/div>\n\t\t\t\t\t<\/div>\n\t\t<\/section>\n\t\t\t\t\t\t\t\t\t<\/div>\n\t\t\t<\/div>\n\t\t\t\t\t<\/div>\n\t\t","protected":false},"excerpt":{"rendered":"<p>Le samedi 20 novembre \u00e0 partir de 10h pr\u00e8s de la salle des f\u00eates de Curienne, aura lieu une d\u00e9monstration de la transformation du bois par le bucheron M. Louis Roseau \u00e0 l&rsquo;aide d&rsquo;une scie mobile.&nbsp; En plus de cette d\u00e9monstration, du pain cuit sur place, des animations pour les enfants, un march\u00e9 producteur et [&hellip;]<\/p>\n","protected":false},"author":2,"featured_media":5525,"comment_status":"closed","ping_status":"open","sticky":false,"template":"","format":"standard","meta":[],"categories":[88,91],"tags":[],"_links":{"self":[{"href":"https:\/\/mairie-curienne.fr\/index.php\/wp-json\/wp\/v2\/posts\/5513"}],"collection":[{"href":"https:\/\/mairie-curienne.fr\/index.php\/wp-json\/wp\/v2\/posts"}],"about":[{"href":"https:\/\/mairie-curienne.fr\/index.php\/wp-json\/wp\/v2\/types\/post"}],"author":[{"embeddable":true,"href":"https:\/\/mairie-curienne.fr\/index.php\/wp-json\/wp\/v2\/users\/2"}],"replies":[{"embeddable":true,"href":"https:\/\/mairie-curienne.fr\/index.php\/wp-json\/wp\/v2\/comments?post=5513"}],"version-history":[{"count":19,"href":"https:\/\/mairie-curienne.fr\/index.php\/wp-json\/wp\/v2\/posts\/5513\/revisions"}],"predecessor-version":[{"id":5534,"href":"https:\/\/mairie-curienne.fr\/index.php\/wp-json\/wp\/v2\/posts\/5513\/revisions\/5534"}],"wp:featuredmedia":[{"embeddable":true,"href":"https:\/\/mairie-curienne.fr\/index.php\/wp-json\/wp\/v2\/media\/5525"}],"wp:attachment":[{"href":"https:\/\/mairie-curienne.fr\/index.php\/wp-json\/wp\/v2\/media?parent=5513"}],"wp:term":[{"taxonomy":"category","embeddable":true,"href":"https:\/\/mairie-curienne.fr\/index.php\/wp-json\/wp\/v2\/categories?post=5513"},{"taxonomy":"post_tag","embeddable":true,"href":"https:\/\/mairie-curienne.fr\/index.php\/wp-json\/wp\/v2\/tags?post=5513"}],"curies":[{"name":"wp","href":"https:\/\/api.w.org\/{rel}","templated":true}]}}