{"id":5479,"date":"2021-10-21T15:45:49","date_gmt":"2021-10-21T13:45:49","guid":{"rendered":"https:\/\/mairie-curienne.fr\/?p=5479"},"modified":"2022-01-11T17:58:44","modified_gmt":"2022-01-11T16:58:44","slug":"halloween-a-la-thuile","status":"publish","type":"post","link":"https:\/\/mairie-curienne.fr\/index.php\/2021\/10\/21\/halloween-a-la-thuile\/","title":{"rendered":"Halloween \u00e0 La Thuile"},"content":{"rendered":"\t\t<div data-elementor-type=\"wp-post\" data-elementor-id=\"5479\" class=\"elementor elementor-5479\">\n\t\t\t\t\t\t<div class=\"elementor-inner\">\n\t\t\t\t<div class=\"elementor-section-wrap\">\n\t\t\t\t\t\t\t\t\t<section class=\"elementor-section elementor-top-section elementor-element elementor-element-d60b17e elementor-section-boxed elementor-section-height-default elementor-section-height-default\" data-id=\"d60b17e\" data-element_type=\"section\">\n\t\t\t\t\t\t<div class=\"elementor-container elementor-column-gap-default\">\n\t\t\t\t\t\t\t<div class=\"elementor-row\">\n\t\t\t\t\t<div class=\"elementor-column elementor-col-100 elementor-top-column elementor-element elementor-element-4998533\" data-id=\"4998533\" data-element_type=\"column\">\n\t\t\t<div class=\"elementor-column-wrap elementor-element-populated\">\n\t\t\t\t\t\t\t<div class=\"elementor-widget-wrap\">\n\t\t\t\t\t\t<div class=\"elementor-element elementor-element-e14180f elementor-widget elementor-widget-text-editor\" data-id=\"e14180f\" data-element_type=\"widget\" data-widget_type=\"text-editor.default\">\n\t\t\t\t<div class=\"elementor-widget-container\">\n\t\t\t\t\t\t\t\t<div class=\"elementor-text-editor elementor-clearfix\">\n\t\t\t\t<p>Le dimanche <strong>31 octobre<\/strong> \u00e0 La Thuile aura lieu une f\u00eate pour Halloween au four \u00e0 pain du Chef-Lieu.<\/p><p>Au programme :<\/p><ul><li><strong>15h<\/strong> : Atelier fabrication de lampions et maquillage<\/li><li><strong>18h<\/strong> : D\u00e9fil\u00e9 des p&rsquo;tits monstres et contes envoutants<\/li><li><strong>19h<\/strong> : Buvette et vente de pizzas au four \u00e0 pain<\/li><\/ul><p style=\"text-align: right;\"><strong>Le Sou de l&rsquo;\u00e9cole de La Thuile<\/strong><\/p>\t\t\t\t\t<\/div>\n\t\t\t\t\t\t<\/div>\n\t\t\t\t<\/div>\n\t\t\t\t\t\t<\/div>\n\t\t\t\t\t<\/div>\n\t\t<\/div>\n\t\t\t\t\t\t\t\t<\/div>\n\t\t\t\t\t<\/div>\n\t\t<\/section>\n\t\t\t\t\t\t\t\t\t<\/div>\n\t\t\t<\/div>\n\t\t\t\t\t<\/div>\n\t\t","protected":false},"excerpt":{"rendered":"<p>Le dimanche 31 octobre \u00e0 La Thuile aura lieu une f\u00eate pour Halloween au four \u00e0 pain du Chef-Lieu. Au programme : 15h : Atelier fabrication de lampions et maquillage 18h : D\u00e9fil\u00e9 des p&rsquo;tits monstres et contes envoutants 19h : Buvette et vente de pizzas au four \u00e0 pain Le Sou de l&rsquo;\u00e9cole de [&hellip;]<\/p>\n","protected":false},"author":2,"featured_media":5480,"comment_status":"closed","ping_status":"closed","sticky":false,"template":"","format":"standard","meta":[],"categories":[88,91],"tags":[],"_links":{"self":[{"href":"https:\/\/mairie-curienne.fr\/index.php\/wp-json\/wp\/v2\/posts\/5479"}],"collection":[{"href":"https:\/\/mairie-curienne.fr\/index.php\/wp-json\/wp\/v2\/posts"}],"about":[{"href":"https:\/\/mairie-curienne.fr\/index.php\/wp-json\/wp\/v2\/types\/post"}],"author":[{"embeddable":true,"href":"https:\/\/mairie-curienne.fr\/index.php\/wp-json\/wp\/v2\/users\/2"}],"replies":[{"embeddable":true,"href":"https:\/\/mairie-curienne.fr\/index.php\/wp-json\/wp\/v2\/comments?post=5479"}],"version-history":[{"count":6,"href":"https:\/\/mairie-curienne.fr\/index.php\/wp-json\/wp\/v2\/posts\/5479\/revisions"}],"predecessor-version":[{"id":5642,"href":"https:\/\/mairie-curienne.fr\/index.php\/wp-json\/wp\/v2\/posts\/5479\/revisions\/5642"}],"wp:featuredmedia":[{"embeddable":true,"href":"https:\/\/mairie-curienne.fr\/index.php\/wp-json\/wp\/v2\/media\/5480"}],"wp:attachment":[{"href":"https:\/\/mairie-curienne.fr\/index.php\/wp-json\/wp\/v2\/media?parent=5479"}],"wp:term":[{"taxonomy":"category","embeddable":true,"href":"https:\/\/mairie-curienne.fr\/index.php\/wp-json\/wp\/v2\/categories?post=5479"},{"taxonomy":"post_tag","embeddable":true,"href":"https:\/\/mairie-curienne.fr\/index.php\/wp-json\/wp\/v2\/tags?post=5479"}],"curies":[{"name":"wp","href":"https:\/\/api.w.org\/{rel}","templated":true}]}}