{"id":5372,"date":"2021-10-08T11:13:27","date_gmt":"2021-10-08T09:13:27","guid":{"rendered":"https:\/\/mairie-curienne.fr\/?p=5372"},"modified":"2021-10-08T11:25:19","modified_gmt":"2021-10-08T09:25:19","slug":"inscription-pour-latelier-bois-du-15-octobre","status":"publish","type":"post","link":"https:\/\/mairie-curienne.fr\/index.php\/2021\/10\/08\/inscription-pour-latelier-bois-du-15-octobre\/","title":{"rendered":"Inscription pour l&rsquo;atelier bois du 15 octobre"},"content":{"rendered":"\t\t<div data-elementor-type=\"wp-post\" data-elementor-id=\"5372\" class=\"elementor elementor-5372\">\n\t\t\t\t\t\t<div class=\"elementor-inner\">\n\t\t\t\t<div class=\"elementor-section-wrap\">\n\t\t\t\t\t\t\t\t\t<section class=\"elementor-section elementor-top-section elementor-element elementor-element-2b24343 elementor-section-boxed elementor-section-height-default elementor-section-height-default\" data-id=\"2b24343\" data-element_type=\"section\">\n\t\t\t\t\t\t<div class=\"elementor-container elementor-column-gap-default\">\n\t\t\t\t\t\t\t<div class=\"elementor-row\">\n\t\t\t\t\t<div class=\"elementor-column elementor-col-100 elementor-top-column elementor-element elementor-element-97593de\" data-id=\"97593de\" data-element_type=\"column\">\n\t\t\t<div class=\"elementor-column-wrap elementor-element-populated\">\n\t\t\t\t\t\t\t<div class=\"elementor-widget-wrap\">\n\t\t\t\t\t\t<div class=\"elementor-element elementor-element-83c22a7 elementor-widget elementor-widget-text-editor\" data-id=\"83c22a7\" data-element_type=\"widget\" data-widget_type=\"text-editor.default\">\n\t\t\t\t<div class=\"elementor-widget-container\">\n\t\t\t\t\t\t\t\t<div class=\"elementor-text-editor elementor-clearfix\">\n\t\t\t\t<p>La coupe et le d\u00e9bardage feront l\u2019objet d\u2019un atelier \u00e0 destination du grand public sur la journ\u00e9e du <strong>15 Octobre<\/strong> \u00e0 partir de <strong>14h<\/strong> devant la mairie, o\u00f9 le b\u00fbcheron et l\u2019office national des for\u00eats pourront faire d\u00e9couvrir aux habitants les m\u00e9thodes de marquage, de gestion et de coupe des bois sur site.<\/p><p><strong>Si vous souhaitez participer, merci de vous faire conna\u00eetre aupr\u00e8s de la mairie afin d&rsquo;\u00eatre inscrit pour cet atelier.<\/strong><\/p><p>De plus, le registre d\u00e9mat\u00e9rialis\u00e9 pour le restaurant scolaire est toujours disponible si vous souhaitez \u00e9mettre un avis \u00e0 propos de ce projet : <a href=\"https:\/\/forms.gle\/TJ8ZqAw13YnyjCxHA\">https:\/\/forms.gle\/TJ8ZqAw13YnyjCxHA<\/a><\/p>\t\t\t\t\t<\/div>\n\t\t\t\t\t\t<\/div>\n\t\t\t\t<\/div>\n\t\t\t\t\t\t<\/div>\n\t\t\t\t\t<\/div>\n\t\t<\/div>\n\t\t\t\t\t\t\t\t<\/div>\n\t\t\t\t\t<\/div>\n\t\t<\/section>\n\t\t\t\t\t\t\t\t\t<\/div>\n\t\t\t<\/div>\n\t\t\t\t\t<\/div>\n\t\t","protected":false},"excerpt":{"rendered":"<p>La coupe et le d\u00e9bardage feront l\u2019objet d\u2019un atelier \u00e0 destination du grand public sur la journ\u00e9e du 15 Octobre \u00e0 partir de 14h devant la mairie, o\u00f9 le b\u00fbcheron et l\u2019office national des for\u00eats pourront faire d\u00e9couvrir aux habitants les m\u00e9thodes de marquage, de gestion et de coupe des bois sur site. Si vous [&hellip;]<\/p>\n","protected":false},"author":2,"featured_media":5385,"comment_status":"closed","ping_status":"open","sticky":false,"template":"","format":"standard","meta":[],"categories":[88,91],"tags":[],"_links":{"self":[{"href":"https:\/\/mairie-curienne.fr\/index.php\/wp-json\/wp\/v2\/posts\/5372"}],"collection":[{"href":"https:\/\/mairie-curienne.fr\/index.php\/wp-json\/wp\/v2\/posts"}],"about":[{"href":"https:\/\/mairie-curienne.fr\/index.php\/wp-json\/wp\/v2\/types\/post"}],"author":[{"embeddable":true,"href":"https:\/\/mairie-curienne.fr\/index.php\/wp-json\/wp\/v2\/users\/2"}],"replies":[{"embeddable":true,"href":"https:\/\/mairie-curienne.fr\/index.php\/wp-json\/wp\/v2\/comments?post=5372"}],"version-history":[{"count":5,"href":"https:\/\/mairie-curienne.fr\/index.php\/wp-json\/wp\/v2\/posts\/5372\/revisions"}],"predecessor-version":[{"id":5380,"href":"https:\/\/mairie-curienne.fr\/index.php\/wp-json\/wp\/v2\/posts\/5372\/revisions\/5380"}],"wp:featuredmedia":[{"embeddable":true,"href":"https:\/\/mairie-curienne.fr\/index.php\/wp-json\/wp\/v2\/media\/5385"}],"wp:attachment":[{"href":"https:\/\/mairie-curienne.fr\/index.php\/wp-json\/wp\/v2\/media?parent=5372"}],"wp:term":[{"taxonomy":"category","embeddable":true,"href":"https:\/\/mairie-curienne.fr\/index.php\/wp-json\/wp\/v2\/categories?post=5372"},{"taxonomy":"post_tag","embeddable":true,"href":"https:\/\/mairie-curienne.fr\/index.php\/wp-json\/wp\/v2\/tags?post=5372"}],"curies":[{"name":"wp","href":"https:\/\/api.w.org\/{rel}","templated":true}]}}