{"id":5339,"date":"2021-09-24T19:06:37","date_gmt":"2021-09-24T17:06:37","guid":{"rendered":"https:\/\/mairie-curienne.fr\/?p=5339"},"modified":"2021-09-27T23:36:41","modified_gmt":"2021-09-27T21:36:41","slug":"epicerie-ambulante-la-vagabonde","status":"publish","type":"post","link":"https:\/\/mairie-curienne.fr\/index.php\/2021\/09\/24\/epicerie-ambulante-la-vagabonde\/","title":{"rendered":"\u00c9picerie ambulante La Vagabonde"},"content":{"rendered":"\t\t<div data-elementor-type=\"wp-post\" data-elementor-id=\"5339\" class=\"elementor elementor-5339\">\n\t\t\t\t\t\t<div class=\"elementor-inner\">\n\t\t\t\t<div class=\"elementor-section-wrap\">\n\t\t\t\t\t\t\t\t\t<section class=\"elementor-section elementor-top-section elementor-element elementor-element-e4d6820 elementor-section-boxed elementor-section-height-default elementor-section-height-default\" data-id=\"e4d6820\" data-element_type=\"section\">\n\t\t\t\t\t\t<div class=\"elementor-container elementor-column-gap-default\">\n\t\t\t\t\t\t\t<div class=\"elementor-row\">\n\t\t\t\t\t<div class=\"elementor-column elementor-col-100 elementor-top-column elementor-element elementor-element-49a6ad2\" data-id=\"49a6ad2\" data-element_type=\"column\">\n\t\t\t<div class=\"elementor-column-wrap elementor-element-populated\">\n\t\t\t\t\t\t\t<div class=\"elementor-widget-wrap\">\n\t\t\t\t\t\t<div class=\"elementor-element elementor-element-2264711 elementor-widget elementor-widget-text-editor\" data-id=\"2264711\" data-element_type=\"widget\" data-widget_type=\"text-editor.default\">\n\t\t\t\t<div class=\"elementor-widget-container\">\n\t\t\t\t\t\t\t\t<div class=\"elementor-text-editor elementor-clearfix\">\n\t\t\t\t<p>Pour cette rentr\u00e9e 2021, nous vous proposons un nouveau service dans votre commune \u00e0 partir du<span style=\"font-family: var( --e-global-typography-text-font-family ), Sans-serif; font-weight: var( --e-global-typography-text-font-weight ); letter-spacing: 0px;\">\u00a0<\/span><strong style=\"font-family: var( --e-global-typography-text-font-family ), Sans-serif; letter-spacing: 0px;\">jeudi 30 septembre 2021<\/strong><span style=\"font-family: var( --e-global-typography-text-font-family ), Sans-serif; font-weight: var( --e-global-typography-text-font-weight ); letter-spacing: 0px;\">.<\/span><\/p><p><span style=\"font-family: var( --e-global-typography-text-font-family ), Sans-serif; font-weight: var( --e-global-typography-text-font-weight ); letter-spacing: 0px;\">Venez nombreuses et nombreux d\u00e9couvrir nos produits dans notre petite \u00e9picerie ambulante.<\/span><\/p><p><span style=\"font-family: var( --e-global-typography-text-font-family ), Sans-serif; font-weight: var( --e-global-typography-text-font-weight ); letter-spacing: 0px;\">Nous vous accueillerons dans la joie et la bonne humeur et nous vous ferons d\u00e9couvrir les produits locaux que nous avons soigneusement s\u00e9lectionn\u00e9 pour vous.<\/span><\/p><p>Nous serons pr\u00e9sents tous les jeudis sur la commune de Curienne de :<\/p><ul><li><strong>16h30 \u00e0 16h50<\/strong> au hameau du Fornet<\/li><li><strong>17h \u00e0 21h<\/strong> sur la place de la Mairie<\/li><\/ul><p style=\"text-align: right;\"><strong>L&rsquo;\u00e9picerie ambulante La Vagabonde<\/strong><\/p>\t\t\t\t\t<\/div>\n\t\t\t\t\t\t<\/div>\n\t\t\t\t<\/div>\n\t\t\t\t\t\t<\/div>\n\t\t\t\t\t<\/div>\n\t\t<\/div>\n\t\t\t\t\t\t\t\t<\/div>\n\t\t\t\t\t<\/div>\n\t\t<\/section>\n\t\t\t\t\t\t\t\t\t<\/div>\n\t\t\t<\/div>\n\t\t\t\t\t<\/div>\n\t\t","protected":false},"excerpt":{"rendered":"<p>Pour cette rentr\u00e9e 2021, nous vous proposons un nouveau service dans votre commune \u00e0 partir du&nbsp;jeudi 30 septembre 2021. Venez nombreuses et nombreux d\u00e9couvrir nos produits dans notre petite \u00e9picerie ambulante. Nous vous accueillerons dans la joie et la bonne humeur et nous vous ferons d\u00e9couvrir les produits locaux que nous avons soigneusement s\u00e9lectionn\u00e9 pour [&hellip;]<\/p>\n","protected":false},"author":2,"featured_media":5347,"comment_status":"closed","ping_status":"open","sticky":false,"template":"","format":"standard","meta":[],"categories":[88,91],"tags":[],"_links":{"self":[{"href":"https:\/\/mairie-curienne.fr\/index.php\/wp-json\/wp\/v2\/posts\/5339"}],"collection":[{"href":"https:\/\/mairie-curienne.fr\/index.php\/wp-json\/wp\/v2\/posts"}],"about":[{"href":"https:\/\/mairie-curienne.fr\/index.php\/wp-json\/wp\/v2\/types\/post"}],"author":[{"embeddable":true,"href":"https:\/\/mairie-curienne.fr\/index.php\/wp-json\/wp\/v2\/users\/2"}],"replies":[{"embeddable":true,"href":"https:\/\/mairie-curienne.fr\/index.php\/wp-json\/wp\/v2\/comments?post=5339"}],"version-history":[{"count":11,"href":"https:\/\/mairie-curienne.fr\/index.php\/wp-json\/wp\/v2\/posts\/5339\/revisions"}],"predecessor-version":[{"id":5366,"href":"https:\/\/mairie-curienne.fr\/index.php\/wp-json\/wp\/v2\/posts\/5339\/revisions\/5366"}],"wp:featuredmedia":[{"embeddable":true,"href":"https:\/\/mairie-curienne.fr\/index.php\/wp-json\/wp\/v2\/media\/5347"}],"wp:attachment":[{"href":"https:\/\/mairie-curienne.fr\/index.php\/wp-json\/wp\/v2\/media?parent=5339"}],"wp:term":[{"taxonomy":"category","embeddable":true,"href":"https:\/\/mairie-curienne.fr\/index.php\/wp-json\/wp\/v2\/categories?post=5339"},{"taxonomy":"post_tag","embeddable":true,"href":"https:\/\/mairie-curienne.fr\/index.php\/wp-json\/wp\/v2\/tags?post=5339"}],"curies":[{"name":"wp","href":"https:\/\/api.w.org\/{rel}","templated":true}]}}