{"id":5301,"date":"2021-09-21T17:09:49","date_gmt":"2021-09-21T15:09:49","guid":{"rendered":"https:\/\/mairie-curienne.fr\/?p=5301"},"modified":"2021-09-28T10:53:51","modified_gmt":"2021-09-28T08:53:51","slug":"recherche-t3-suite-a-lincendie","status":"publish","type":"post","link":"https:\/\/mairie-curienne.fr\/index.php\/2021\/09\/21\/recherche-t3-suite-a-lincendie\/","title":{"rendered":"Recherche T4 suite \u00e0 l&rsquo;incendie"},"content":{"rendered":"\t\t<div data-elementor-type=\"wp-post\" data-elementor-id=\"5301\" class=\"elementor elementor-5301\">\n\t\t\t\t\t\t<div class=\"elementor-inner\">\n\t\t\t\t<div class=\"elementor-section-wrap\">\n\t\t\t\t\t\t\t\t\t<section class=\"elementor-section elementor-top-section elementor-element elementor-element-a9083b3 elementor-section-boxed elementor-section-height-default elementor-section-height-default\" data-id=\"a9083b3\" data-element_type=\"section\">\n\t\t\t\t\t\t<div class=\"elementor-container elementor-column-gap-default\">\n\t\t\t\t\t\t\t<div class=\"elementor-row\">\n\t\t\t\t\t<div class=\"elementor-column elementor-col-100 elementor-top-column elementor-element elementor-element-487f4cc\" data-id=\"487f4cc\" data-element_type=\"column\">\n\t\t\t<div class=\"elementor-column-wrap elementor-element-populated\">\n\t\t\t\t\t\t\t<div class=\"elementor-widget-wrap\">\n\t\t\t\t\t\t<div class=\"elementor-element elementor-element-9477e4e elementor-widget elementor-widget-text-editor\" data-id=\"9477e4e\" data-element_type=\"widget\" data-widget_type=\"text-editor.default\">\n\t\t\t\t<div class=\"elementor-widget-container\">\n\t\t\t\t\t\t\t\t<div class=\"elementor-text-editor elementor-clearfix\">\n\t\t\t\t<div dir=\"ltr\"><p>Bonjour,<\/p><p>Suite \u00e0 l&rsquo;incendie, nous recherchons toujours un logement \u00e0 la location : T4 (c&rsquo;est \u00e0 dire 3 chambres).<br \/>Cela peut \u00e9galement \u00eatre un logement libre, si possible sur Curienne, afin de nous reloger en attendant la reconstruction de notre maison.<\/p><p>Notre recherche serait pour un emm\u00e9nagement pour les vacances de No\u00ebl.<\/p><p style=\"text-align: left;\">Cordialement,<\/p><p style=\"text-align: right;\"><strong>La famille Leblond<\/strong><\/p><\/div>\t\t\t\t\t<\/div>\n\t\t\t\t\t\t<\/div>\n\t\t\t\t<\/div>\n\t\t\t\t<div class=\"elementor-element elementor-element-b9b6f44 elementor-widget elementor-widget-heading\" data-id=\"b9b6f44\" data-element_type=\"widget\" data-widget_type=\"heading.default\">\n\t\t\t\t<div class=\"elementor-widget-container\">\n\t\t\t<h2 class=\"elementor-heading-title elementor-size-default\">Coordonn\u00e9es<\/h2>\t\t<\/div>\n\t\t\t\t<\/div>\n\t\t\t\t<div class=\"elementor-element elementor-element-aa0306b elementor-widget-tablet__width-inherit elementor-widget elementor-widget-ova_contact_info\" data-id=\"aa0306b\" data-element_type=\"widget\" data-widget_type=\"ova_contact_info.default\">\n\t\t\t\t<div class=\"elementor-widget-container\">\n\t\t\t\t\t<div class=\"ova-contact-info type1\">\n\n\t\t\t<div class=\"icon\">\n\t\t\t\t<i class=\"fas fa-phone\"><\/i>\t\t\t<\/div>\n\n\t\t\t\t\t\t\t<div class=\"address\">\n\t\t\t\t\t\t\t\t\t\t\t\t\t\t\t<span class=\"text_link\"><a href='tel:+336 23 64 74 26'>T\u00e9l\u00e9phone : <span>06 23 64 74 26<\/span><\/a><\/span>\n\t\t\t\t<\/div>\n\t\t\t\t\t\t\n\t\t<\/div>\n\t\t\t\t<\/div>\n\t\t\t\t<\/div>\n\t\t\t\t<div class=\"elementor-element elementor-element-f7aa1e2 elementor-widget-tablet__width-inherit elementor-widget elementor-widget-ova_contact_info\" data-id=\"f7aa1e2\" data-element_type=\"widget\" data-widget_type=\"ova_contact_info.default\">\n\t\t\t\t<div class=\"elementor-widget-container\">\n\t\t\t\t\t<div class=\"ova-contact-info type1\">\n\n\t\t\t<div class=\"icon\">\n\t\t\t\t<i class=\"fas fa-envelope\"><\/i>\t\t\t<\/div>\n\n\t\t\t\t\t\t\t<div class=\"address\">\n\t\t\t\t\t\t\t\t\t\t\t\t\t\t\t<span class=\"text_link\"><a href='mailto:amandine.brevart@yahoo.fr'>Email : <span>amandine.brevart@yahoo.fr<\/span><\/a><\/span>\n\t\t\t\t<\/div>\n\t\t\t\t\t\t\n\t\t<\/div>\n\t\t\t\t<\/div>\n\t\t\t\t<\/div>\n\t\t\t\t\t\t<\/div>\n\t\t\t\t\t<\/div>\n\t\t<\/div>\n\t\t\t\t\t\t\t\t<\/div>\n\t\t\t\t\t<\/div>\n\t\t<\/section>\n\t\t\t\t\t\t\t\t\t<\/div>\n\t\t\t<\/div>\n\t\t\t\t\t<\/div>\n\t\t","protected":false},"excerpt":{"rendered":"<p>Bonjour, Suite \u00e0 l&rsquo;incendie, nous recherchons toujours un logement \u00e0 la location : T4 (c&rsquo;est \u00e0 dire 3 chambres). Cela peut \u00e9galement \u00eatre un logement libre, si possible sur Curienne, afin de nous reloger en attendant la reconstruction de notre maison. Notre recherche serait pour un emm\u00e9nagement pour les vacances de No\u00ebl. Cordialement, La famille [&hellip;]<\/p>\n","protected":false},"author":2,"featured_media":5327,"comment_status":"closed","ping_status":"open","sticky":false,"template":"","format":"standard","meta":[],"categories":[88],"tags":[],"_links":{"self":[{"href":"https:\/\/mairie-curienne.fr\/index.php\/wp-json\/wp\/v2\/posts\/5301"}],"collection":[{"href":"https:\/\/mairie-curienne.fr\/index.php\/wp-json\/wp\/v2\/posts"}],"about":[{"href":"https:\/\/mairie-curienne.fr\/index.php\/wp-json\/wp\/v2\/types\/post"}],"author":[{"embeddable":true,"href":"https:\/\/mairie-curienne.fr\/index.php\/wp-json\/wp\/v2\/users\/2"}],"replies":[{"embeddable":true,"href":"https:\/\/mairie-curienne.fr\/index.php\/wp-json\/wp\/v2\/comments?post=5301"}],"version-history":[{"count":21,"href":"https:\/\/mairie-curienne.fr\/index.php\/wp-json\/wp\/v2\/posts\/5301\/revisions"}],"predecessor-version":[{"id":5367,"href":"https:\/\/mairie-curienne.fr\/index.php\/wp-json\/wp\/v2\/posts\/5301\/revisions\/5367"}],"wp:featuredmedia":[{"embeddable":true,"href":"https:\/\/mairie-curienne.fr\/index.php\/wp-json\/wp\/v2\/media\/5327"}],"wp:attachment":[{"href":"https:\/\/mairie-curienne.fr\/index.php\/wp-json\/wp\/v2\/media?parent=5301"}],"wp:term":[{"taxonomy":"category","embeddable":true,"href":"https:\/\/mairie-curienne.fr\/index.php\/wp-json\/wp\/v2\/categories?post=5301"},{"taxonomy":"post_tag","embeddable":true,"href":"https:\/\/mairie-curienne.fr\/index.php\/wp-json\/wp\/v2\/tags?post=5301"}],"curies":[{"name":"wp","href":"https:\/\/api.w.org\/{rel}","templated":true}]}}