{"id":5287,"date":"2021-09-19T10:11:23","date_gmt":"2021-09-19T08:11:23","guid":{"rendered":"https:\/\/mairie-curienne.fr\/?p=5287"},"modified":"2021-09-19T10:13:35","modified_gmt":"2021-09-19T08:13:35","slug":"rentree-des-associations","status":"publish","type":"post","link":"https:\/\/mairie-curienne.fr\/index.php\/2021\/09\/19\/rentree-des-associations\/","title":{"rendered":"Rentr\u00e9e des associations"},"content":{"rendered":"\t\t<div data-elementor-type=\"wp-post\" data-elementor-id=\"5287\" class=\"elementor elementor-5287\">\n\t\t\t\t\t\t<div class=\"elementor-inner\">\n\t\t\t\t<div class=\"elementor-section-wrap\">\n\t\t\t\t\t\t\t\t\t<section class=\"elementor-section elementor-top-section elementor-element elementor-element-507acbd elementor-section-boxed elementor-section-height-default elementor-section-height-default\" data-id=\"507acbd\" data-element_type=\"section\">\n\t\t\t\t\t\t<div class=\"elementor-container elementor-column-gap-default\">\n\t\t\t\t\t\t\t<div class=\"elementor-row\">\n\t\t\t\t\t<div class=\"elementor-column elementor-col-100 elementor-top-column elementor-element elementor-element-f51dbf7\" data-id=\"f51dbf7\" data-element_type=\"column\">\n\t\t\t<div class=\"elementor-column-wrap elementor-element-populated\">\n\t\t\t\t\t\t\t<div class=\"elementor-widget-wrap\">\n\t\t\t\t\t\t<div class=\"elementor-element elementor-element-c25b1ac elementor-widget elementor-widget-text-editor\" data-id=\"c25b1ac\" data-element_type=\"widget\" data-widget_type=\"text-editor.default\">\n\t\t\t\t<div class=\"elementor-widget-container\">\n\t\t\t\t\t\t\t\t<div class=\"elementor-text-editor elementor-clearfix\">\n\t\t\t\t<p>Reprise des cours de yoga le <strong>lundi 27 septembre 2021<\/strong><\/p><p>2 cours de 90 minutes : 17h15 &#8211; 18h45 et 19h30 &#8211; 21h<\/p><p>Tous les lundis hors vacances scolaires \u00e0 la salle polyvalente de Curienne.<\/p><p>\u00ab\u00a0Parenth\u00e8se dans la vie quotidienne et accessible \u00e0 toute personne \u00e0 partir de 18 ans, cette forme de yoga respectueuse et adaptable \u00e0 chacun procure -d\u00e8s les premiers cours- lib\u00e9ration des tensions, \u00e9nergie \u00e9quilibr\u00e9e et calme, gr\u00e2ce \u00e0 ses nombreux bienfaits corporels et respiratoires.\u00a0\u00bb<\/p>\t\t\t\t\t<\/div>\n\t\t\t\t\t\t<\/div>\n\t\t\t\t<\/div>\n\t\t\t\t\t\t<\/div>\n\t\t\t\t\t<\/div>\n\t\t<\/div>\n\t\t\t\t\t\t\t\t<\/div>\n\t\t\t\t\t<\/div>\n\t\t<\/section>\n\t\t\t\t\t\t\t\t\t<\/div>\n\t\t\t<\/div>\n\t\t\t\t\t<\/div>\n\t\t","protected":false},"excerpt":{"rendered":"<p>Reprise des cours de yoga le lundi 27 septembre 2021 2 cours de 90 minutes : 17h15 &#8211; 18h45 et 19h30 &#8211; 21h Tous les lundis hors vacances scolaires \u00e0 la salle polyvalente de Curienne. \u00ab\u00a0Parenth\u00e8se dans la vie quotidienne et accessible \u00e0 toute personne \u00e0 partir de 18 ans, cette forme de yoga respectueuse [&hellip;]<\/p>\n","protected":false},"author":2,"featured_media":0,"comment_status":"closed","ping_status":"open","sticky":false,"template":"","format":"standard","meta":[],"categories":[88,90],"tags":[],"_links":{"self":[{"href":"https:\/\/mairie-curienne.fr\/index.php\/wp-json\/wp\/v2\/posts\/5287"}],"collection":[{"href":"https:\/\/mairie-curienne.fr\/index.php\/wp-json\/wp\/v2\/posts"}],"about":[{"href":"https:\/\/mairie-curienne.fr\/index.php\/wp-json\/wp\/v2\/types\/post"}],"author":[{"embeddable":true,"href":"https:\/\/mairie-curienne.fr\/index.php\/wp-json\/wp\/v2\/users\/2"}],"replies":[{"embeddable":true,"href":"https:\/\/mairie-curienne.fr\/index.php\/wp-json\/wp\/v2\/comments?post=5287"}],"version-history":[{"count":7,"href":"https:\/\/mairie-curienne.fr\/index.php\/wp-json\/wp\/v2\/posts\/5287\/revisions"}],"predecessor-version":[{"id":5297,"href":"https:\/\/mairie-curienne.fr\/index.php\/wp-json\/wp\/v2\/posts\/5287\/revisions\/5297"}],"wp:attachment":[{"href":"https:\/\/mairie-curienne.fr\/index.php\/wp-json\/wp\/v2\/media?parent=5287"}],"wp:term":[{"taxonomy":"category","embeddable":true,"href":"https:\/\/mairie-curienne.fr\/index.php\/wp-json\/wp\/v2\/categories?post=5287"},{"taxonomy":"post_tag","embeddable":true,"href":"https:\/\/mairie-curienne.fr\/index.php\/wp-json\/wp\/v2\/tags?post=5287"}],"curies":[{"name":"wp","href":"https:\/\/api.w.org\/{rel}","templated":true}]}}