{"id":4747,"date":"2021-05-30T10:13:31","date_gmt":"2021-05-30T08:13:31","guid":{"rendered":"https:\/\/mairie-curienne.fr\/?p=4747"},"modified":"2021-05-30T10:21:54","modified_gmt":"2021-05-30T08:21:54","slug":"cinema-en-plein-air-ete-2021","status":"publish","type":"post","link":"https:\/\/mairie-curienne.fr\/index.php\/2021\/05\/30\/cinema-en-plein-air-ete-2021\/","title":{"rendered":"Cin\u00e9ma en plein air \u00e9t\u00e9 2021"},"content":{"rendered":"\t\t<div data-elementor-type=\"wp-post\" data-elementor-id=\"4747\" class=\"elementor elementor-4747\">\n\t\t\t\t\t\t<div class=\"elementor-inner\">\n\t\t\t\t<div class=\"elementor-section-wrap\">\n\t\t\t\t\t\t\t\t\t<section class=\"elementor-section elementor-top-section elementor-element elementor-element-10c28b5 elementor-section-boxed elementor-section-height-default elementor-section-height-default\" data-id=\"10c28b5\" data-element_type=\"section\">\n\t\t\t\t\t\t<div class=\"elementor-container elementor-column-gap-default\">\n\t\t\t\t\t\t\t<div class=\"elementor-row\">\n\t\t\t\t\t<div class=\"elementor-column elementor-col-100 elementor-top-column elementor-element elementor-element-3f93f8a\" data-id=\"3f93f8a\" data-element_type=\"column\">\n\t\t\t<div class=\"elementor-column-wrap elementor-element-populated\">\n\t\t\t\t\t\t\t<div class=\"elementor-widget-wrap\">\n\t\t\t\t\t\t<div class=\"elementor-element elementor-element-653fa09 elementor-widget elementor-widget-text-editor\" data-id=\"653fa09\" data-element_type=\"widget\" data-widget_type=\"text-editor.default\">\n\t\t\t\t<div class=\"elementor-widget-container\">\n\t\t\t\t\t\t\t\t<div class=\"elementor-text-editor elementor-clearfix\">\n\t\t\t\t<p>C&rsquo;est de nouveau l&rsquo;\u00e9t\u00e9 et avec lui le retour du cin\u00e9ma en plein air !<\/p><p>Cette ann\u00e9e la s\u00e9ance de Curienne aura lieu le <strong>mercredi 21 juillet 2021<\/strong> \u00e0 la tomb\u00e9e de la nuit sur le terrain de foot si le temps le permet, sinon la projection aura lieu dans la salle des f\u00eates. Le film projet\u00e9 sera : <a href=\"https:\/\/www.allocine.fr\/film\/fichefilm_gen_cfilm=187864.html\">Moonrise Kingdom<\/a>.<\/p><p><b>Pour plus d&rsquo;information sur l&rsquo;int\u00e9gralit\u00e9 des projections sur les communes de l&rsquo;agglom\u00e9ration :<\/b><\/p><ul><li><a href=\"https:\/\/mairie-curienne.fr\/wp-content\/uploads\/2021\/05\/UneToileALaBelleEtoile_Programme2021.pdf\">Programme de l&rsquo;\u00e9t\u00e9 2021<\/a><\/li><\/ul>\t\t\t\t\t<\/div>\n\t\t\t\t\t\t<\/div>\n\t\t\t\t<\/div>\n\t\t\t\t\t\t<\/div>\n\t\t\t\t\t<\/div>\n\t\t<\/div>\n\t\t\t\t\t\t\t\t<\/div>\n\t\t\t\t\t<\/div>\n\t\t<\/section>\n\t\t\t\t\t\t\t\t\t<\/div>\n\t\t\t<\/div>\n\t\t\t\t\t<\/div>\n\t\t","protected":false},"excerpt":{"rendered":"<p>C&rsquo;est de nouveau l&rsquo;\u00e9t\u00e9 et avec lui le retour du cin\u00e9ma en plein air ! Cette ann\u00e9e la s\u00e9ance de Curienne aura lieu le mercredi 21 juillet 2021 \u00e0 la tomb\u00e9e de la nuit sur le terrain de foot si le temps le permet, sinon la projection aura lieu dans la salle des f\u00eates. Le [&hellip;]<\/p>\n","protected":false},"author":2,"featured_media":4749,"comment_status":"closed","ping_status":"open","sticky":false,"template":"","format":"standard","meta":[],"categories":[88,91],"tags":[],"_links":{"self":[{"href":"https:\/\/mairie-curienne.fr\/index.php\/wp-json\/wp\/v2\/posts\/4747"}],"collection":[{"href":"https:\/\/mairie-curienne.fr\/index.php\/wp-json\/wp\/v2\/posts"}],"about":[{"href":"https:\/\/mairie-curienne.fr\/index.php\/wp-json\/wp\/v2\/types\/post"}],"author":[{"embeddable":true,"href":"https:\/\/mairie-curienne.fr\/index.php\/wp-json\/wp\/v2\/users\/2"}],"replies":[{"embeddable":true,"href":"https:\/\/mairie-curienne.fr\/index.php\/wp-json\/wp\/v2\/comments?post=4747"}],"version-history":[{"count":11,"href":"https:\/\/mairie-curienne.fr\/index.php\/wp-json\/wp\/v2\/posts\/4747\/revisions"}],"predecessor-version":[{"id":4761,"href":"https:\/\/mairie-curienne.fr\/index.php\/wp-json\/wp\/v2\/posts\/4747\/revisions\/4761"}],"wp:featuredmedia":[{"embeddable":true,"href":"https:\/\/mairie-curienne.fr\/index.php\/wp-json\/wp\/v2\/media\/4749"}],"wp:attachment":[{"href":"https:\/\/mairie-curienne.fr\/index.php\/wp-json\/wp\/v2\/media?parent=4747"}],"wp:term":[{"taxonomy":"category","embeddable":true,"href":"https:\/\/mairie-curienne.fr\/index.php\/wp-json\/wp\/v2\/categories?post=4747"},{"taxonomy":"post_tag","embeddable":true,"href":"https:\/\/mairie-curienne.fr\/index.php\/wp-json\/wp\/v2\/tags?post=4747"}],"curies":[{"name":"wp","href":"https:\/\/api.w.org\/{rel}","templated":true}]}}