{"id":4726,"date":"2021-05-21T19:29:33","date_gmt":"2021-05-21T17:29:33","guid":{"rendered":"https:\/\/mairie-curienne.fr\/?p=4726"},"modified":"2021-05-26T09:21:00","modified_gmt":"2021-05-26T07:21:00","slug":"appel-aux-volontaires-pour-etre-assesseur","status":"publish","type":"post","link":"https:\/\/mairie-curienne.fr\/index.php\/2021\/05\/21\/appel-aux-volontaires-pour-etre-assesseur\/","title":{"rendered":"Appel aux volontaires pour \u00eatre assesseur"},"content":{"rendered":"\t\t<div data-elementor-type=\"wp-post\" data-elementor-id=\"4726\" class=\"elementor elementor-4726\">\n\t\t\t\t\t\t<div class=\"elementor-inner\">\n\t\t\t\t<div class=\"elementor-section-wrap\">\n\t\t\t\t\t\t\t\t\t<section class=\"elementor-section elementor-top-section elementor-element elementor-element-f6f6ef3 elementor-section-boxed elementor-section-height-default elementor-section-height-default\" data-id=\"f6f6ef3\" data-element_type=\"section\">\n\t\t\t\t\t\t<div class=\"elementor-container elementor-column-gap-default\">\n\t\t\t\t\t\t\t<div class=\"elementor-row\">\n\t\t\t\t\t<div class=\"elementor-column elementor-col-100 elementor-top-column elementor-element elementor-element-27a3904\" data-id=\"27a3904\" data-element_type=\"column\">\n\t\t\t<div class=\"elementor-column-wrap elementor-element-populated\">\n\t\t\t\t\t\t\t<div class=\"elementor-widget-wrap\">\n\t\t\t\t\t\t<div class=\"elementor-element elementor-element-1d56b59 elementor-widget elementor-widget-text-editor\" data-id=\"1d56b59\" data-element_type=\"widget\" data-widget_type=\"text-editor.default\">\n\t\t\t\t<div class=\"elementor-widget-container\">\n\t\t\t\t\t\t\t\t<div class=\"elementor-text-editor elementor-clearfix\">\n\t\t\t\t<p>Notre commune lance un appel \u00e0 volontaires pour la tenue des bureaux de vote des \u00e9lections d\u00e9partementales et r\u00e9gionales des <strong>20 et 27 juin<\/strong> prochains.<\/p><p>Si vous avez plus de 18 ans et \u00eates \u00e9lecteurs en Savoie, vous pouvez devenir assesseur dans un bureau de vote de la commune pour les prochaines \u00e9lections.<\/p>\t\t\t\t\t<\/div>\n\t\t\t\t\t\t<\/div>\n\t\t\t\t<\/div>\n\t\t\t\t<div class=\"elementor-element elementor-element-291b442 elementor-widget elementor-widget-heading\" data-id=\"291b442\" data-element_type=\"widget\" data-widget_type=\"heading.default\">\n\t\t\t\t<div class=\"elementor-widget-container\">\n\t\t\t<h2 class=\"elementor-heading-title elementor-size-default\">Quel est le r\u00f4le d\u2019un assesseur ?<\/h2>\t\t<\/div>\n\t\t\t\t<\/div>\n\t\t\t\t<div class=\"elementor-element elementor-element-b355b90 elementor-widget elementor-widget-text-editor\" data-id=\"b355b90\" data-element_type=\"widget\" data-widget_type=\"text-editor.default\">\n\t\t\t\t<div class=\"elementor-widget-container\">\n\t\t\t\t\t\t\t\t<div class=\"elementor-text-editor elementor-clearfix\">\n\t\t\t\t<p>Membres des bureaux de vote, les assesseurs, b\u00e9n\u00e9voles (Article R44 du Code Electoral), participent au d\u00e9roulement des op\u00e9rations \u00e9lectorales. Ils sont g\u00e9n\u00e9ralement charg\u00e9s :<\/p><ul><li>de contr\u00f4ler et faire signer la liste d\u2019\u00e9margement<\/li><li>d\u2019apposer sur la carte \u00e9lectorale le timbre portant la date du scrutin<\/li><li>de suppl\u00e9er ou d\u2019assister le pr\u00e9sident et proc\u00e9der au contr\u00f4le d\u2019identit\u00e9 des \u00e9lecteurs<\/li><li>de participer \u00e0 la cl\u00f4ture du scrutin et au d\u00e9pouillement des votes<\/li><\/ul>\t\t\t\t\t<\/div>\n\t\t\t\t\t\t<\/div>\n\t\t\t\t<\/div>\n\t\t\t\t<div class=\"elementor-element elementor-element-5bc8e18 elementor-widget elementor-widget-heading\" data-id=\"5bc8e18\" data-element_type=\"widget\" data-widget_type=\"heading.default\">\n\t\t\t\t<div class=\"elementor-widget-container\">\n\t\t\t<h2 class=\"elementor-heading-title elementor-size-default\">Vos disponibilit\u00e9s<\/h2>\t\t<\/div>\n\t\t\t\t<\/div>\n\t\t\t\t<div class=\"elementor-element elementor-element-af11868 elementor-widget elementor-widget-text-editor\" data-id=\"af11868\" data-element_type=\"widget\" data-widget_type=\"text-editor.default\">\n\t\t\t\t<div class=\"elementor-widget-container\">\n\t\t\t\t\t\t\t\t<div class=\"elementor-text-editor elementor-clearfix\">\n\t\t\t\t<p>Le <strong>20 juin<\/strong> et\/ou le <strong>27 juin<\/strong>, entre 7h45 et 20h, le matin ou l\u2019apr\u00e8s-midi.<\/p>\t\t\t\t\t<\/div>\n\t\t\t\t\t\t<\/div>\n\t\t\t\t<\/div>\n\t\t\t\t<div class=\"elementor-element elementor-element-aff704b elementor-widget elementor-widget-heading\" data-id=\"aff704b\" data-element_type=\"widget\" data-widget_type=\"heading.default\">\n\t\t\t\t<div class=\"elementor-widget-container\">\n\t\t\t<h2 class=\"elementor-heading-title elementor-size-default\">Contexte sanitaire<\/h2>\t\t<\/div>\n\t\t\t\t<\/div>\n\t\t\t\t<div class=\"elementor-element elementor-element-97ec492 elementor-widget elementor-widget-text-editor\" data-id=\"97ec492\" data-element_type=\"widget\" data-widget_type=\"text-editor.default\">\n\t\t\t\t<div class=\"elementor-widget-container\">\n\t\t\t\t\t\t\t\t<div class=\"elementor-text-editor elementor-clearfix\">\n\t\t\t\t<p>Le protocole sanitaire renforc\u00e9 mis en place par le Gouvernement dans le cadre de l\u2019organisation des \u00e9lections d\u00e9partementales et r\u00e9gionales 2021 pr\u00e9voit que les personnes charg\u00e9es de la tenue des bureaux de vote puissent \u00eatre vaccin\u00e9es prioritairement. Si vous \u00eates volontaire non vaccin\u00e9 :<\/p><ul><li>le centre de vaccination vous contactera pour fixer un rendez-vous pour vaccination.<\/li><li>vous avez aussi la possibilit\u00e9 de participer si vous avez un test Covid n\u00e9gatif de moins de 48h au moment des \u00e9lections.<\/li><\/ul><p><a href=\"https:\/\/mairie-curienne.fr\/wp-content\/uploads\/2020\/07\/AttestationVaccinale.pdf\">T\u00e9l\u00e9charger l&rsquo;attestation vaccinale prioritaire<\/a><\/p>\t\t\t\t\t<\/div>\n\t\t\t\t\t\t<\/div>\n\t\t\t\t<\/div>\n\t\t\t\t<div class=\"elementor-element elementor-element-5ed285c elementor-widget elementor-widget-text-editor\" data-id=\"5ed285c\" data-element_type=\"widget\" data-widget_type=\"text-editor.default\">\n\t\t\t\t<div class=\"elementor-widget-container\">\n\t\t\t\t\t\t\t\t<div class=\"elementor-text-editor elementor-clearfix\">\n\t\t\t\t<p><strong>Si vous souhaitez \u00eatre assesseur b\u00e9n\u00e9vole, prenez contact avec la mairie :<\/strong><\/p>\t\t\t\t\t<\/div>\n\t\t\t\t\t\t<\/div>\n\t\t\t\t<\/div>\n\t\t\t\t<div class=\"elementor-element elementor-element-6d504f6 elementor-widget-tablet__width-inherit elementor-widget elementor-widget-ova_contact_info\" data-id=\"6d504f6\" data-element_type=\"widget\" data-widget_type=\"ova_contact_info.default\">\n\t\t\t\t<div class=\"elementor-widget-container\">\n\t\t\t\t\t<div class=\"ova-contact-info type1\">\n\n\t\t\t<div class=\"icon\">\n\t\t\t\t<i class=\"fas fa-phone\"><\/i>\t\t\t<\/div>\n\n\t\t\t\t\t\t\t<div class=\"address\">\n\t\t\t\t\t\t\t\t\t\t\t\t\t\t\t<span class=\"text_link\"><a href='tel:+334 79 84 71 60'>T\u00e9l\u00e9phone : <span>04 79 84 71 60<\/span><\/a><\/span>\n\t\t\t\t<\/div>\n\t\t\t\t\t\t\n\t\t<\/div>\n\t\t\t\t<\/div>\n\t\t\t\t<\/div>\n\t\t\t\t<div class=\"elementor-element elementor-element-62d6ffc elementor-widget-tablet__width-inherit elementor-widget elementor-widget-ova_contact_info\" data-id=\"62d6ffc\" data-element_type=\"widget\" data-widget_type=\"ova_contact_info.default\">\n\t\t\t\t<div class=\"elementor-widget-container\">\n\t\t\t\t\t<div class=\"ova-contact-info type1\">\n\n\t\t\t<div class=\"icon\">\n\t\t\t\t<i class=\"fas fa-envelope\"><\/i>\t\t\t<\/div>\n\n\t\t\t\t\t\t\t<div class=\"address\">\n\t\t\t\t\t\t\t\t\t\t\t\t\t\t\t<span class=\"text_link\"><a href='mailto:mairie.curienne@wanadoo.fr'>Email : <span>mairie.curienne@wanadoo.fr<\/span><\/a><\/span>\n\t\t\t\t<\/div>\n\t\t\t\t\t\t\n\t\t<\/div>\n\t\t\t\t<\/div>\n\t\t\t\t<\/div>\n\t\t\t\t<div class=\"elementor-element elementor-element-4bf1840 elementor-widget elementor-widget-text-editor\" data-id=\"4bf1840\" data-element_type=\"widget\" data-widget_type=\"text-editor.default\">\n\t\t\t\t<div class=\"elementor-widget-container\">\n\t\t\t\t\t\t\t\t<div class=\"elementor-text-editor elementor-clearfix\">\n\t\t\t\t<p>Et merci d\u2019indiquer vos disponibilit\u00e9s pour :<\/p><p>Le dimanche <strong>20 juin<\/strong> matin ou apr\u00e8s-midi.<br \/>Le dimanche <strong>27 juin<\/strong> matin ou apr\u00e8s-midi.<\/p>\t\t\t\t\t<\/div>\n\t\t\t\t\t\t<\/div>\n\t\t\t\t<\/div>\n\t\t\t\t<div class=\"elementor-element elementor-element-76f2b40 elementor-widget elementor-widget-text-editor\" data-id=\"76f2b40\" data-element_type=\"widget\" data-widget_type=\"text-editor.default\">\n\t\t\t\t<div class=\"elementor-widget-container\">\n\t\t\t\t\t\t\t\t<div class=\"elementor-text-editor elementor-clearfix\">\n\t\t\t\t<p><em>Note : Les assesseurs seront accompagn\u00e9s et form\u00e9s en amont.\u00a0<\/em><\/p>\t\t\t\t\t<\/div>\n\t\t\t\t\t\t<\/div>\n\t\t\t\t<\/div>\n\t\t\t\t\t\t<\/div>\n\t\t\t\t\t<\/div>\n\t\t<\/div>\n\t\t\t\t\t\t\t\t<\/div>\n\t\t\t\t\t<\/div>\n\t\t<\/section>\n\t\t\t\t\t\t\t\t\t<\/div>\n\t\t\t<\/div>\n\t\t\t\t\t<\/div>\n\t\t","protected":false},"excerpt":{"rendered":"<p>Notre commune lance un appel \u00e0 volontaires pour la tenue des bureaux de vote des \u00e9lections d\u00e9partementales et r\u00e9gionales des 20 et 27 juin prochains. Si vous avez plus de 18 ans et \u00eates \u00e9lecteurs en Savoie, vous pouvez devenir assesseur dans un bureau de vote de la commune pour les prochaines \u00e9lections. Quel est [&hellip;]<\/p>\n","protected":false},"author":2,"featured_media":4740,"comment_status":"closed","ping_status":"open","sticky":false,"template":"","format":"standard","meta":[],"categories":[88,91],"tags":[],"_links":{"self":[{"href":"https:\/\/mairie-curienne.fr\/index.php\/wp-json\/wp\/v2\/posts\/4726"}],"collection":[{"href":"https:\/\/mairie-curienne.fr\/index.php\/wp-json\/wp\/v2\/posts"}],"about":[{"href":"https:\/\/mairie-curienne.fr\/index.php\/wp-json\/wp\/v2\/types\/post"}],"author":[{"embeddable":true,"href":"https:\/\/mairie-curienne.fr\/index.php\/wp-json\/wp\/v2\/users\/2"}],"replies":[{"embeddable":true,"href":"https:\/\/mairie-curienne.fr\/index.php\/wp-json\/wp\/v2\/comments?post=4726"}],"version-history":[{"count":18,"href":"https:\/\/mairie-curienne.fr\/index.php\/wp-json\/wp\/v2\/posts\/4726\/revisions"}],"predecessor-version":[{"id":5762,"href":"https:\/\/mairie-curienne.fr\/index.php\/wp-json\/wp\/v2\/posts\/4726\/revisions\/5762"}],"wp:featuredmedia":[{"embeddable":true,"href":"https:\/\/mairie-curienne.fr\/index.php\/wp-json\/wp\/v2\/media\/4740"}],"wp:attachment":[{"href":"https:\/\/mairie-curienne.fr\/index.php\/wp-json\/wp\/v2\/media?parent=4726"}],"wp:term":[{"taxonomy":"category","embeddable":true,"href":"https:\/\/mairie-curienne.fr\/index.php\/wp-json\/wp\/v2\/categories?post=4726"},{"taxonomy":"post_tag","embeddable":true,"href":"https:\/\/mairie-curienne.fr\/index.php\/wp-json\/wp\/v2\/tags?post=4726"}],"curies":[{"name":"wp","href":"https:\/\/api.w.org\/{rel}","templated":true}]}}