{"id":4614,"date":"2021-03-10T17:20:03","date_gmt":"2021-03-10T16:20:03","guid":{"rendered":"https:\/\/mairie-curienne.fr\/?p=4614"},"modified":"2021-05-11T17:24:13","modified_gmt":"2021-05-11T15:24:13","slug":"grand-nettoyage-de-printemps","status":"publish","type":"post","link":"https:\/\/mairie-curienne.fr\/index.php\/2021\/03\/10\/grand-nettoyage-de-printemps\/","title":{"rendered":"Grand nettoyage de printemps"},"content":{"rendered":"\t\t<div data-elementor-type=\"wp-post\" data-elementor-id=\"4614\" class=\"elementor elementor-4614\">\n\t\t\t\t\t\t<div class=\"elementor-inner\">\n\t\t\t\t<div class=\"elementor-section-wrap\">\n\t\t\t\t\t\t\t\t\t<section class=\"elementor-section elementor-top-section elementor-element elementor-element-aeb696a elementor-section-boxed elementor-section-height-default elementor-section-height-default\" data-id=\"aeb696a\" data-element_type=\"section\">\n\t\t\t\t\t\t<div class=\"elementor-container elementor-column-gap-default\">\n\t\t\t\t\t\t\t<div class=\"elementor-row\">\n\t\t\t\t\t<div class=\"elementor-column elementor-col-100 elementor-top-column elementor-element elementor-element-5651bad\" data-id=\"5651bad\" data-element_type=\"column\">\n\t\t\t<div class=\"elementor-column-wrap elementor-element-populated\">\n\t\t\t\t\t\t\t<div class=\"elementor-widget-wrap\">\n\t\t\t\t\t\t<div class=\"elementor-element elementor-element-e513ca3 elementor-widget elementor-widget-text-editor\" data-id=\"e513ca3\" data-element_type=\"widget\" data-widget_type=\"text-editor.default\">\n\t\t\t\t<div class=\"elementor-widget-container\">\n\t\t\t\t\t\t\t\t<div class=\"elementor-text-editor elementor-clearfix\">\n\t\t\t\t<p>Avec l\u2019arriv\u00e9e du printemps, l\u2019envie de prendre l\u2019air et de trouver une nature propre nous prend. Comme l\u2019an dernier, les Curiennais proposent aux Curiennais de faire le nettoyage de printemps du village.<\/p><p>Dans un \u00e9lan de mobilisation citoyenne, une forte envie de faire ensemble, de partager un moment autour d\u2019une action qui a du sens et compatible avec les contraintes sanitaires, une belle \u00e9quipe se retrouve, \u00e9quip\u00e9e de gants et de sacs.<\/p><p>Le dimanche 7 mars, adultes et enfants ont parcouru le centre-bourg (salle des f\u00eates, \u00e9cole, mairie, place de l\u2019\u00e9glise, abords de la d\u00e9partementale), le parking qui va au canyon, un secteur particuli\u00e8rement sale, le tour du village par le chemin de Letraz et le chemin en direction de l\u2019antenne relais.<\/p><p>R\u00e9sultat\u00a0: <strong>12 gros sacs-poubelle<\/strong> ont \u00e9t\u00e9 remplis, une cuve en m\u00e9tal et du grillage r\u00e9cup\u00e9r\u00e9s. Les \u00ab\u00a0rippeurs\u00a0\u00bb ont trouv\u00e9 beaucoup de canettes de bi\u00e8re en m\u00e9tal et de m\u00e9gots de cigarettes sur les bords de la d\u00e9partementale. La fr\u00e9quentation, r\u00e9cemment en hausse, dans la campagne, porte sans doute sa part de responsabilit\u00e9\u2026<\/p>\t\t\t\t\t<\/div>\n\t\t\t\t\t\t<\/div>\n\t\t\t\t<\/div>\n\t\t\t\t\t\t<\/div>\n\t\t\t\t\t<\/div>\n\t\t<\/div>\n\t\t\t\t\t\t\t\t<\/div>\n\t\t\t\t\t<\/div>\n\t\t<\/section>\n\t\t\t\t\t\t\t\t\t<\/div>\n\t\t\t<\/div>\n\t\t\t\t\t<\/div>\n\t\t","protected":false},"excerpt":{"rendered":"<p>Avec l\u2019arriv\u00e9e du printemps, l\u2019envie de prendre l\u2019air et de trouver une nature propre nous prend. Comme l\u2019an dernier, les Curiennais proposent aux Curiennais de faire le nettoyage de printemps du village. Dans un \u00e9lan de mobilisation citoyenne, une forte envie de faire ensemble, de partager un moment autour d\u2019une action qui a du sens [&hellip;]<\/p>\n","protected":false},"author":2,"featured_media":4615,"comment_status":"closed","ping_status":"open","sticky":false,"template":"","format":"standard","meta":[],"categories":[88,91],"tags":[],"_links":{"self":[{"href":"https:\/\/mairie-curienne.fr\/index.php\/wp-json\/wp\/v2\/posts\/4614"}],"collection":[{"href":"https:\/\/mairie-curienne.fr\/index.php\/wp-json\/wp\/v2\/posts"}],"about":[{"href":"https:\/\/mairie-curienne.fr\/index.php\/wp-json\/wp\/v2\/types\/post"}],"author":[{"embeddable":true,"href":"https:\/\/mairie-curienne.fr\/index.php\/wp-json\/wp\/v2\/users\/2"}],"replies":[{"embeddable":true,"href":"https:\/\/mairie-curienne.fr\/index.php\/wp-json\/wp\/v2\/comments?post=4614"}],"version-history":[{"count":7,"href":"https:\/\/mairie-curienne.fr\/index.php\/wp-json\/wp\/v2\/posts\/4614\/revisions"}],"predecessor-version":[{"id":4622,"href":"https:\/\/mairie-curienne.fr\/index.php\/wp-json\/wp\/v2\/posts\/4614\/revisions\/4622"}],"wp:featuredmedia":[{"embeddable":true,"href":"https:\/\/mairie-curienne.fr\/index.php\/wp-json\/wp\/v2\/media\/4615"}],"wp:attachment":[{"href":"https:\/\/mairie-curienne.fr\/index.php\/wp-json\/wp\/v2\/media?parent=4614"}],"wp:term":[{"taxonomy":"category","embeddable":true,"href":"https:\/\/mairie-curienne.fr\/index.php\/wp-json\/wp\/v2\/categories?post=4614"},{"taxonomy":"post_tag","embeddable":true,"href":"https:\/\/mairie-curienne.fr\/index.php\/wp-json\/wp\/v2\/tags?post=4614"}],"curies":[{"name":"wp","href":"https:\/\/api.w.org\/{rel}","templated":true}]}}