{"id":4569,"date":"2021-05-04T17:05:00","date_gmt":"2021-05-04T15:05:00","guid":{"rendered":"https:\/\/mairie-curienne.fr\/?p=4569"},"modified":"2021-05-11T18:17:53","modified_gmt":"2021-05-11T16:17:53","slug":"les-vaches-folles-stage-de-chant","status":"publish","type":"post","link":"https:\/\/mairie-curienne.fr\/index.php\/2021\/05\/04\/les-vaches-folles-stage-de-chant\/","title":{"rendered":"Les vaches folles : stage de chant"},"content":{"rendered":"\t\t<div data-elementor-type=\"wp-post\" data-elementor-id=\"4569\" class=\"elementor elementor-4569\">\n\t\t\t\t\t\t<div class=\"elementor-inner\">\n\t\t\t\t<div class=\"elementor-section-wrap\">\n\t\t\t\t\t\t\t\t\t<section class=\"elementor-section elementor-top-section elementor-element elementor-element-a836d56 elementor-section-boxed elementor-section-height-default elementor-section-height-default\" data-id=\"a836d56\" data-element_type=\"section\">\n\t\t\t\t\t\t<div class=\"elementor-container elementor-column-gap-default\">\n\t\t\t\t\t\t\t<div class=\"elementor-row\">\n\t\t\t\t\t<div class=\"elementor-column elementor-col-100 elementor-top-column elementor-element elementor-element-2aefcee\" data-id=\"2aefcee\" data-element_type=\"column\">\n\t\t\t<div class=\"elementor-column-wrap elementor-element-populated\">\n\t\t\t\t\t\t\t<div class=\"elementor-widget-wrap\">\n\t\t\t\t\t\t<div class=\"elementor-element elementor-element-a07f744 elementor-widget elementor-widget-text-editor\" data-id=\"a07f744\" data-element_type=\"widget\" data-widget_type=\"text-editor.default\">\n\t\t\t\t<div class=\"elementor-widget-container\">\n\t\t\t\t\t\t\t\t<div class=\"elementor-text-editor elementor-clearfix\">\n\t\t\t\t<p>Le collectif les vaches folles vous annonce la tenue d&rsquo;un stage de chant \u00e0 la brasserie, les <strong>29<\/strong> et <strong>30 mai<\/strong> prochains, avec <strong>Manon Benh Lima<\/strong>\u00a0:<\/p><p>Les adh\u00e9rents b\u00e9n\u00e9ficieront d&rsquo;un tarif r\u00e9duit de <strong>80 \u20ac<\/strong> les 2 jours (horaires <strong>9h30-12h30<\/strong> <strong>14h-17h<\/strong>). Faites nous savoir si vous \u00eates int\u00e9ress\u00e9s par mail (<strong>Les places sont limit\u00e9es !<\/strong>) :<\/p>\t\t\t\t\t<\/div>\n\t\t\t\t\t\t<\/div>\n\t\t\t\t<\/div>\n\t\t\t\t<div class=\"elementor-element elementor-element-3640875 elementor-widget elementor-widget-ova_contact_info\" data-id=\"3640875\" data-element_type=\"widget\" data-widget_type=\"ova_contact_info.default\">\n\t\t\t\t<div class=\"elementor-widget-container\">\n\t\t\t\t\t<div class=\"ova-contact-info type1\">\n\n\t\t\t<div class=\"icon\">\n\t\t\t\t<i class=\"fas fa-envelope\"><\/i>\t\t\t<\/div>\n\n\t\t\t\t\t\t\t<div class=\"address\">\n\t\t\t\t\t\t\t\t\t\t\t\t\t\t\t<span class=\"text_link\"><a href='mailto:lesvachesfolles73@gmail.com'>Email : <span>lesvachesfolles73@gmail.com<\/span><\/a><\/span>\n\t\t\t\t<\/div>\n\t\t\t\t\t\t\n\t\t<\/div>\n\t\t\t\t<\/div>\n\t\t\t\t<\/div>\n\t\t\t\t<div class=\"elementor-element elementor-element-7a534b4 elementor-widget elementor-widget-text-editor\" data-id=\"7a534b4\" data-element_type=\"widget\" data-widget_type=\"text-editor.default\">\n\t\t\t\t<div class=\"elementor-widget-container\">\n\t\t\t\t\t\t\t\t<div class=\"elementor-text-editor elementor-clearfix\">\n\t\t\t\t<p>Aussi, merci de nous faire savoir si vous souhaitez devenir membre actif de l&rsquo;association (organisation des \u00e9v\u00e9nements, vie associative, b\u00e9n\u00e9volat), pour ceux qui le souhaitent, une r\u00e9union aura lieu le <strong>lundi 17 mai<\/strong> \u00e0 <strong>18h30<\/strong>.<\/p><ul><li><a href=\"https:\/\/mairie-curienne.fr\/wp-content\/uploads\/2021\/05\/stage-chant-chambery.pdf\">Le document descriptif<\/a><\/li><\/ul>\t\t\t\t\t<\/div>\n\t\t\t\t\t\t<\/div>\n\t\t\t\t<\/div>\n\t\t\t\t\t\t<\/div>\n\t\t\t\t\t<\/div>\n\t\t<\/div>\n\t\t\t\t\t\t\t\t<\/div>\n\t\t\t\t\t<\/div>\n\t\t<\/section>\n\t\t\t\t\t\t\t\t\t<\/div>\n\t\t\t<\/div>\n\t\t\t\t\t<\/div>\n\t\t","protected":false},"excerpt":{"rendered":"<p>Le collectif les vaches folles vous annonce la tenue d&rsquo;un stage de chant \u00e0 la brasserie, les 29 et 30 mai prochains, avec Manon Benh Lima&nbsp;: Les adh\u00e9rents b\u00e9n\u00e9ficieront d&rsquo;un tarif r\u00e9duit de 80 \u20ac les 2 jours (horaires 9h30-12h30 14h-17h). Faites nous savoir si vous \u00eates int\u00e9ress\u00e9s par mail (Les places sont limit\u00e9es !) [&hellip;]<\/p>\n","protected":false},"author":2,"featured_media":4575,"comment_status":"closed","ping_status":"open","sticky":false,"template":"","format":"standard","meta":[],"categories":[88,90],"tags":[],"_links":{"self":[{"href":"https:\/\/mairie-curienne.fr\/index.php\/wp-json\/wp\/v2\/posts\/4569"}],"collection":[{"href":"https:\/\/mairie-curienne.fr\/index.php\/wp-json\/wp\/v2\/posts"}],"about":[{"href":"https:\/\/mairie-curienne.fr\/index.php\/wp-json\/wp\/v2\/types\/post"}],"author":[{"embeddable":true,"href":"https:\/\/mairie-curienne.fr\/index.php\/wp-json\/wp\/v2\/users\/2"}],"replies":[{"embeddable":true,"href":"https:\/\/mairie-curienne.fr\/index.php\/wp-json\/wp\/v2\/comments?post=4569"}],"version-history":[{"count":39,"href":"https:\/\/mairie-curienne.fr\/index.php\/wp-json\/wp\/v2\/posts\/4569\/revisions"}],"predecessor-version":[{"id":4611,"href":"https:\/\/mairie-curienne.fr\/index.php\/wp-json\/wp\/v2\/posts\/4569\/revisions\/4611"}],"wp:featuredmedia":[{"embeddable":true,"href":"https:\/\/mairie-curienne.fr\/index.php\/wp-json\/wp\/v2\/media\/4575"}],"wp:attachment":[{"href":"https:\/\/mairie-curienne.fr\/index.php\/wp-json\/wp\/v2\/media?parent=4569"}],"wp:term":[{"taxonomy":"category","embeddable":true,"href":"https:\/\/mairie-curienne.fr\/index.php\/wp-json\/wp\/v2\/categories?post=4569"},{"taxonomy":"post_tag","embeddable":true,"href":"https:\/\/mairie-curienne.fr\/index.php\/wp-json\/wp\/v2\/tags?post=4569"}],"curies":[{"name":"wp","href":"https:\/\/api.w.org\/{rel}","templated":true}]}}