{"id":4533,"date":"2021-05-11T15:58:28","date_gmt":"2021-05-11T13:58:28","guid":{"rendered":"https:\/\/mairie-curienne.fr\/?p=4533"},"modified":"2021-05-11T15:58:41","modified_gmt":"2021-05-11T13:58:41","slug":"covid-dose-vaccination","status":"publish","type":"post","link":"https:\/\/mairie-curienne.fr\/index.php\/2021\/05\/11\/covid-dose-vaccination\/","title":{"rendered":"Covid-dose : vaccination"},"content":{"rendered":"\t\t<div data-elementor-type=\"wp-post\" data-elementor-id=\"4533\" class=\"elementor elementor-4533\">\n\t\t\t\t\t\t<div class=\"elementor-inner\">\n\t\t\t\t<div class=\"elementor-section-wrap\">\n\t\t\t\t\t\t\t\t\t<section class=\"elementor-section elementor-top-section elementor-element elementor-element-f1e51b5 elementor-section-boxed elementor-section-height-default elementor-section-height-default\" data-id=\"f1e51b5\" data-element_type=\"section\">\n\t\t\t\t\t\t<div class=\"elementor-container elementor-column-gap-default\">\n\t\t\t\t\t\t\t<div class=\"elementor-row\">\n\t\t\t\t\t<div class=\"elementor-column elementor-col-100 elementor-top-column elementor-element elementor-element-c91ddc8\" data-id=\"c91ddc8\" data-element_type=\"column\">\n\t\t\t<div class=\"elementor-column-wrap elementor-element-populated\">\n\t\t\t\t\t\t\t<div class=\"elementor-widget-wrap\">\n\t\t\t\t\t\t<div class=\"elementor-element elementor-element-037dce7 elementor-widget elementor-widget-text-editor\" data-id=\"037dce7\" data-element_type=\"widget\" data-widget_type=\"text-editor.default\">\n\t\t\t\t<div class=\"elementor-widget-container\">\n\t\t\t\t\t\t\t\t<div class=\"elementor-text-editor elementor-clearfix\">\n\t\t\t\t<p>Le jeudi 6 mai, le Pr\u00e9sident de la R\u00e9publique a annonc\u00e9 l\u2019acc\u00e8s aux doses restantes des centres de vaccination pour toutes les personnes majeures. Or depuis aujourd&rsquo;hui, mardi 11 mai, toute personne majeure peut, si elle le souhaite, \u00eatre vaccin\u00e9e avec les doses de vaccins qui n&rsquo;ont pas \u00e9t\u00e9 utilis\u00e9es.<\/p><p>En relation avec le Minist\u00e8re des solidarit\u00e9s et de la sant\u00e9, les b\u00e9n\u00e9voles de Covid-dose avaient d\u00e9j\u00e0 commenc\u00e9s cette d\u00e9marche de vaccination et la poursuivent avec l&rsquo;annonce du gouvernement.<\/p><p><strong>Si vous souhaitez participer \u00e0 cette initiative, rendez-vous \u00e0 l&rsquo;adresse suivante :<\/strong> <a href=\"https:\/\/covid-dose.fr\/doc\/doc.php\">https:\/\/covid-dose.fr\/doc\/doc.php<\/a> (D&rsquo;autres initiatives similaires peuvent exister)<\/p>\t\t\t\t\t<\/div>\n\t\t\t\t\t\t<\/div>\n\t\t\t\t<\/div>\n\t\t\t\t\t\t<\/div>\n\t\t\t\t\t<\/div>\n\t\t<\/div>\n\t\t\t\t\t\t\t\t<\/div>\n\t\t\t\t\t<\/div>\n\t\t<\/section>\n\t\t\t\t\t\t\t\t\t<\/div>\n\t\t\t<\/div>\n\t\t\t\t\t<\/div>\n\t\t","protected":false},"excerpt":{"rendered":"<p>Le jeudi 6 mai, le Pr\u00e9sident de la R\u00e9publique a annonc\u00e9 l\u2019acc\u00e8s aux doses restantes des centres de vaccination pour toutes les personnes majeures. Or depuis aujourd&rsquo;hui, mardi 11 mai, toute personne majeure peut, si elle le souhaite, \u00eatre vaccin\u00e9e avec les doses de vaccins qui n&rsquo;ont pas \u00e9t\u00e9 utilis\u00e9es. En relation avec le Minist\u00e8re [&hellip;]<\/p>\n","protected":false},"author":2,"featured_media":4541,"comment_status":"closed","ping_status":"open","sticky":false,"template":"","format":"standard","meta":[],"categories":[88],"tags":[],"_links":{"self":[{"href":"https:\/\/mairie-curienne.fr\/index.php\/wp-json\/wp\/v2\/posts\/4533"}],"collection":[{"href":"https:\/\/mairie-curienne.fr\/index.php\/wp-json\/wp\/v2\/posts"}],"about":[{"href":"https:\/\/mairie-curienne.fr\/index.php\/wp-json\/wp\/v2\/types\/post"}],"author":[{"embeddable":true,"href":"https:\/\/mairie-curienne.fr\/index.php\/wp-json\/wp\/v2\/users\/2"}],"replies":[{"embeddable":true,"href":"https:\/\/mairie-curienne.fr\/index.php\/wp-json\/wp\/v2\/comments?post=4533"}],"version-history":[{"count":14,"href":"https:\/\/mairie-curienne.fr\/index.php\/wp-json\/wp\/v2\/posts\/4533\/revisions"}],"predecessor-version":[{"id":4548,"href":"https:\/\/mairie-curienne.fr\/index.php\/wp-json\/wp\/v2\/posts\/4533\/revisions\/4548"}],"wp:featuredmedia":[{"embeddable":true,"href":"https:\/\/mairie-curienne.fr\/index.php\/wp-json\/wp\/v2\/media\/4541"}],"wp:attachment":[{"href":"https:\/\/mairie-curienne.fr\/index.php\/wp-json\/wp\/v2\/media?parent=4533"}],"wp:term":[{"taxonomy":"category","embeddable":true,"href":"https:\/\/mairie-curienne.fr\/index.php\/wp-json\/wp\/v2\/categories?post=4533"},{"taxonomy":"post_tag","embeddable":true,"href":"https:\/\/mairie-curienne.fr\/index.php\/wp-json\/wp\/v2\/tags?post=4533"}],"curies":[{"name":"wp","href":"https:\/\/api.w.org\/{rel}","templated":true}]}}