{"id":3164,"date":"2021-04-05T22:20:49","date_gmt":"2021-04-05T20:20:49","guid":{"rendered":"https:\/\/projet.mairie-curienne.fr\/?p=3164"},"modified":"2021-05-11T14:25:52","modified_gmt":"2021-05-11T12:25:52","slug":"covid-19-nouvelles-mesures-gouvernementales","status":"publish","type":"post","link":"https:\/\/mairie-curienne.fr\/index.php\/2021\/04\/05\/covid-19-nouvelles-mesures-gouvernementales\/","title":{"rendered":"Covid-19 : Nouvelles mesures gouvernementales"},"content":{"rendered":"\t\t<div data-elementor-type=\"wp-post\" data-elementor-id=\"3164\" class=\"elementor elementor-3164\">\n\t\t\t\t\t\t<div class=\"elementor-inner\">\n\t\t\t\t<div class=\"elementor-section-wrap\">\n\t\t\t\t\t\t\t\t\t<section class=\"elementor-section elementor-top-section elementor-element elementor-element-2888648e elementor-section-boxed elementor-section-height-default elementor-section-height-default\" data-id=\"2888648e\" data-element_type=\"section\">\n\t\t\t\t\t\t<div class=\"elementor-container elementor-column-gap-default\">\n\t\t\t\t\t\t\t<div class=\"elementor-row\">\n\t\t\t\t\t<div class=\"elementor-column elementor-col-100 elementor-top-column elementor-element elementor-element-1d8aab5e\" data-id=\"1d8aab5e\" data-element_type=\"column\">\n\t\t\t<div class=\"elementor-column-wrap elementor-element-populated\">\n\t\t\t\t\t\t\t<div class=\"elementor-widget-wrap\">\n\t\t\t\t\t\t<div class=\"elementor-element elementor-element-73a16aaf elementor-widget elementor-widget-text-editor\" data-id=\"73a16aaf\" data-element_type=\"widget\" data-widget_type=\"text-editor.default\">\n\t\t\t\t<div class=\"elementor-widget-container\">\n\t\t\t\t\t\t\t\t<div class=\"elementor-text-editor elementor-clearfix\">\n\t\t\t\t<h2>Attestations de d\u00e9placement<\/h2>\nSur l\u2019ensemble du territoire m\u00e9tropolitain, un couvre-feu s&rsquo;applique de 19h \u00e0 6h et des mesures renforc\u00e9es sont en vigueur tous les jours de la semaine de 6h \u00e0 19h.\n\nDepuis le 3 avril \u00e0 19h, de nouvelles mesures de freinage de l\u2019\u00e9pid\u00e9mie sont en vigueur sur l\u2019ensemble du territoire m\u00e9tropolitain. Il est obligatoire pour se d\u00e9placer d\u2019\u00eatre muni d\u2019une attestation de d\u00e9placement.\n\nL\u2019attestation de d\u00e9placement est obligatoire en journ\u00e9e entre 6h et 19h pour les d\u00e9placements au-del\u00e0 de 10 kilom\u00e8tres du domicile et pour tous les d\u00e9placements entre 19h et 6h sur l\u2019ensemble du territoire m\u00e9tropolitain.\n\nToutes les informations sur la <a href=\"https:\/\/www.gouvernement.fr\/info-coronavirus\">page du gouvernement<\/a>.\n\nAttestation :\n<ul>\n \t<li><a href=\"https:\/\/media.interieur.gouv.fr\/attestation-deplacement-derogatoire-covid-19\/\">version num\u00e9rique<\/a><\/li>\n \t<li><a href=\"https:\/\/www.interieur.gouv.fr\/content\/download\/126923\/1014779\/file\/03-04-2021-attestation-de-deplacement-derogatoire.pdf#xtor=AD-322\">version pdf<\/a><\/li>\n<\/ul>\nSource : <a href=\"https:\/\/www.interieur.gouv.fr\/Actualites\/L-actu-du-Ministere\/Attestations-de-deplacement\">https:\/\/www.interieur.gouv.fr\/Actualites\/L-actu-du-Ministere\/Attestations-de-deplacement<\/a>\n<h3>La mairie propose des attestations<\/h3>\nEn tant qu&rsquo;habitant de la commune de Curienne si vous avez besoin d&rsquo;une attestation, mais que vous n&rsquo;avez pas la possibilit\u00e9 de l&rsquo;imprimer ou bien que vous de disposez pas d&rsquo;un support num\u00e9rique suffisant (tablette ou \u00ab\u00a0smartphone\u00a0\u00bb), vous pouvez en faire la demande en t\u00e9l\u00e9phonant \u00e0 la mairie.\n<h2>Zone de d\u00e9placement<\/h2>\nLa zone de d\u00e9placement de 10 km et celle de 30 km (sous conditions) est visualisable ci-dessous :\n<iframe style=\"width: 100%; height: 600px;\" src=\"https:\/\/mairie-curienne.fr\/wp-content\/uploads\/2020\/07\/Reconfinement10-30km.html\">\n<\/iframe>\t\t\t\t\t<\/div>\n\t\t\t\t\t\t<\/div>\n\t\t\t\t<\/div>\n\t\t\t\t\t\t<\/div>\n\t\t\t\t\t<\/div>\n\t\t<\/div>\n\t\t\t\t\t\t\t\t<\/div>\n\t\t\t\t\t<\/div>\n\t\t<\/section>\n\t\t\t\t\t\t\t\t\t<\/div>\n\t\t\t<\/div>\n\t\t\t\t\t<\/div>\n\t\t","protected":false},"excerpt":{"rendered":"<p>Attestations de d\u00e9placement Sur l\u2019ensemble du territoire m\u00e9tropolitain, un couvre-feu s&rsquo;applique de 19h \u00e0 6h et des mesures renforc\u00e9es sont en vigueur tous les jours de la semaine de 6h \u00e0 19h. Depuis le 3 avril \u00e0 19h, de nouvelles mesures de freinage de l\u2019\u00e9pid\u00e9mie sont en vigueur sur l\u2019ensemble du territoire m\u00e9tropolitain. Il est [&hellip;]<\/p>\n","protected":false},"author":2,"featured_media":3259,"comment_status":"closed","ping_status":"open","sticky":false,"template":"","format":"standard","meta":[],"categories":[88],"tags":[],"_links":{"self":[{"href":"https:\/\/mairie-curienne.fr\/index.php\/wp-json\/wp\/v2\/posts\/3164"}],"collection":[{"href":"https:\/\/mairie-curienne.fr\/index.php\/wp-json\/wp\/v2\/posts"}],"about":[{"href":"https:\/\/mairie-curienne.fr\/index.php\/wp-json\/wp\/v2\/types\/post"}],"author":[{"embeddable":true,"href":"https:\/\/mairie-curienne.fr\/index.php\/wp-json\/wp\/v2\/users\/2"}],"replies":[{"embeddable":true,"href":"https:\/\/mairie-curienne.fr\/index.php\/wp-json\/wp\/v2\/comments?post=3164"}],"version-history":[{"count":10,"href":"https:\/\/mairie-curienne.fr\/index.php\/wp-json\/wp\/v2\/posts\/3164\/revisions"}],"predecessor-version":[{"id":4504,"href":"https:\/\/mairie-curienne.fr\/index.php\/wp-json\/wp\/v2\/posts\/3164\/revisions\/4504"}],"wp:featuredmedia":[{"embeddable":true,"href":"https:\/\/mairie-curienne.fr\/index.php\/wp-json\/wp\/v2\/media\/3259"}],"wp:attachment":[{"href":"https:\/\/mairie-curienne.fr\/index.php\/wp-json\/wp\/v2\/media?parent=3164"}],"wp:term":[{"taxonomy":"category","embeddable":true,"href":"https:\/\/mairie-curienne.fr\/index.php\/wp-json\/wp\/v2\/categories?post=3164"},{"taxonomy":"post_tag","embeddable":true,"href":"https:\/\/mairie-curienne.fr\/index.php\/wp-json\/wp\/v2\/tags?post=3164"}],"curies":[{"name":"wp","href":"https:\/\/api.w.org\/{rel}","templated":true}]}}